{"id":8811,"date":"2021-03-12T21:01:48","date_gmt":"2021-03-12T19:01:48","guid":{"rendered":"https:\/\/bibleetsciencediffusion.org\/index.php\/2021\/03\/11\/covid-19-projet-de-vaccination-obligatoire-des-soignants-lettre-ouverte-au-ministre-des-solidarites-et-de-la-sante-par-le-dr-amine-umlil\/"},"modified":"2021-06-05T08:25:11","modified_gmt":"2021-06-05T06:25:11","slug":"covid-19-projet-de-vaccination-obligatoire-des-soignants-lettre-ouverte-au-ministre-des-solidarites-et-de-la-sante-par-le-dr-amine-umlil","status":"publish","type":"post","link":"https:\/\/bibleetsciencediffusion.org\/index.php\/2021\/03\/12\/covid-19-projet-de-vaccination-obligatoire-des-soignants-lettre-ouverte-au-ministre-des-solidarites-et-de-la-sante-par-le-dr-amine-umlil\/","title":{"rendered":"Covid-19. Projet de vaccination \u00ab obligatoire \u00bb des soignants : lettre ouverte au Ministre des solidarit\u00e9s et de la sant\u00e9 &#8211; par le Dr Amine UMLIL"},"content":{"rendered":"\n<p>Par le Dr Amine UMLIL<\/p>\n\n\n\n<p>CTIAP (Centre Hospitalier de Cholet)<\/p>\n\n\n\n<figure class=\"wp-block-image size-large\"><img loading=\"lazy\" decoding=\"async\" width=\"1024\" height=\"460\" src=\"https:\/\/bibleetsciencediffusion.org\/wp-content\/uploads\/2021\/03\/vaccin_covid-1024x460.png\" alt=\"\" class=\"wp-image-8822\" srcset=\"https:\/\/bibleetsciencediffusion.org\/wp-content\/uploads\/2021\/03\/vaccin_covid-1024x460.png 1024w, https:\/\/bibleetsciencediffusion.org\/wp-content\/uploads\/2021\/03\/vaccin_covid-300x135.png 300w, https:\/\/bibleetsciencediffusion.org\/wp-content\/uploads\/2021\/03\/vaccin_covid-768x345.png 768w, https:\/\/bibleetsciencediffusion.org\/wp-content\/uploads\/2021\/03\/vaccin_covid-600x270.png 600w, https:\/\/bibleetsciencediffusion.org\/wp-content\/uploads\/2021\/03\/vaccin_covid.png 1317w\" sizes=\"auto, (max-width: 1024px) 100vw, 1024px\" \/><\/figure>\n\n\n\n<p class=\"has-text-align-right\"><strong>Monsieur Olivier V\u00c9RAN,<\/strong><\/p>\n\n\n\n<p class=\"has-text-align-right\"><strong>Ministre des solidarit\u00e9s et de la sant\u00e9,<\/strong><\/p>\n\n\n\n<p class=\"has-text-align-right\"><strong>R\u00e9publique Fran\u00e7aise,<\/strong><\/p>\n\n\n\n<p>Copie adress\u00e9e \u00e0&nbsp;:<\/p>\n\n\n\n<p>Monsieur le Pr\u00e9sident de la R\u00e9publique, Emmanuel MACRON&nbsp;;<\/p>\n\n\n\n<p>Monsieur le Premier ministre, Jean CASTEX&nbsp;;<\/p>\n\n\n\n<p>l\u2019Assembl\u00e9e nationale&nbsp;;<\/p>\n\n\n\n<p>[au] S\u00e9nat&nbsp;;<\/p>\n\n\n\n<p>la haute autorit\u00e9 de sant\u00e9 (HAS) ;<\/p>\n\n\n\n<p>l\u2019agence nationale de s\u00e9curit\u00e9 du m\u00e9dicament (ANSM).<\/p>\n\n\n\n<p>Depuis quelques jours, un projet, visant \u00e0 rendre&nbsp;<em>\u00ab&nbsp;obligatoire&nbsp;\u00bb<\/em>&nbsp;la vaccination contre la Covid-19 pour les&nbsp;<em>\u00ab&nbsp;soignants&nbsp;\u00bb<\/em>, semble se profiler.<\/p>\n\n\n\n<p>La vaccination est un acte m\u00e9dical. La d\u00e9cision de se vacciner, ou non, rel\u00e8ve du colloque singulier qui unit la personne \u00e0 son m\u00e9decin&nbsp;; m\u00e9decin traitant notamment. Les \u00e9changes enregistr\u00e9s dans ce cadre sont prot\u00e9g\u00e9s, de fa\u00e7on absolue, par le secret professionnel m\u00e9dical.<\/p>\n\n\n\n<p>Sans pr\u00e9sumer de ma d\u00e9cision personnelle, ce projet, pour le moins inattendu, appelle de ma part les observations suivantes que je souhaite vous transmettre dans la pr\u00e9sente lettre ouverte&nbsp;; \u00e0 tort ou \u00e0 raison.<\/p>\n\n\n\n<p>En l\u2019esp\u00e8ce, les conditions, notamment juridiques, requises par une telle&nbsp;<em>\u00ab&nbsp;obligation&nbsp;\u00bb<\/em>&nbsp;ne sont pas r\u00e9unies.<\/p>\n\n\n\n<p>Un tel projet heurte plusieurs dispositions du droit interne et externe, dont celles occupant le sommet de la hi\u00e9rarchie des normes, qui prot\u00e8gent notamment l\u2019int\u00e9grit\u00e9 physique, la vie et le consentement libre et \u00e9clair\u00e9 de toute personne humaine. Le corps humain, la volont\u00e9 de la personne et la dignit\u00e9 humaine sont hautement prot\u00e9g\u00e9s par le droit&nbsp;; y compris apr\u00e8s la mort.<\/p>\n\n\n\n<p>Le corps humain est une valeur sociale prot\u00e9g\u00e9e par le Code p\u00e9nal, notamment.<\/p>\n\n\n\n<p>La protection du corps humain constitue le principe&nbsp;; l\u2019intervention m\u00e9dicale n\u2019est que l\u2019exception soumise \u00e0 des conditions strictes consacr\u00e9es par le droit et la jurisprudence.<\/p>\n\n\n\n<p>Il ressort de notamment vos propres affirmations, des documents publi\u00e9s par la haute autorit\u00e9 de sant\u00e9 (HAS) et par l\u2019agence nationale de s\u00e9curit\u00e9 du m\u00e9dicament (ANSM), que le rapport b\u00e9n\u00e9fice\/risque des vaccins contre la Covid-19 n\u2019est pas encore bien connu. Pas plus tard que le 18 f\u00e9vrier 2021, vous avez confirm\u00e9 qu\u2019aucun pays europ\u00e9en n\u2019a pu apporter la preuve que ces vaccins permettent de pr\u00e9venir les formes&nbsp;<em>\u00ab&nbsp;graves&nbsp;\u00bb<\/em>&nbsp;de cette maladie. Il n\u2019est pas d\u00e9montr\u00e9, non plus, que ces vaccins emp\u00eachent la&nbsp;<em>\u00ab&nbsp;transmission virale&nbsp;\u00bb<\/em>. Vous avez renouvel\u00e9 ces doutes dans vos \u00e9critures adress\u00e9es les 22, 25 et 26 f\u00e9vrier 2021 au juge des r\u00e9f\u00e9r\u00e9s aupr\u00e8s du Conseil d\u2019\u00c9tat (cf.&nbsp;<em><a href=\"http:\/\/ctiapchcholet.blogspot.com\/2021\/03\/efficacite-des-vaccins-contre-la-covid.html\" target=\"_blank\" rel=\"noreferrer noopener\">Ordonnance du 3 mars 2021<\/a>, n\u00b0449759<\/em>). Ce juge a d\u2019ailleurs relev\u00e9 les informations, pour le moins inexactes et contradictoires, qui ont \u00e9t\u00e9 diffus\u00e9es aupr\u00e8s du public par les autorit\u00e9s sanitaires. Et plusieurs autres questions sont toujours en suspens.<\/p>\n\n\n\n<p>Devrait-on se vacciner, par la force, pour \u00e9viter un&nbsp;<em>\u00ab&nbsp;rhume&nbsp;\u00bb<\/em>&nbsp;; ou mieux encore, se vacciner alors que de nombreuses personnes n\u2019ont aucun sympt\u00f4me clinique&nbsp;: elles ne sont pas malades&nbsp;?<\/p>\n\n\n\n<p>Il y a lieu de rappeler \u00e9galement que ces autorit\u00e9s officielles, et notamment la HAS et l\u2019ANSM, n\u2019h\u00e9sitent pas \u00e0 promouvoir le&nbsp;<em>\u00ab&nbsp;m\u00e9susage&nbsp;\u00bb<\/em>&nbsp;de ces vaccins en recommandant des pratiques en d\u00e9calage avec l\u2019autorisation de mise sur le march\u00e9 (AMM) elle-m\u00eame.<\/p>\n\n\n\n<p>Ces vaccins ne b\u00e9n\u00e9ficient d\u2019ailleurs que d\u2019une AMM&nbsp;<em>\u00ab&nbsp;conditionnelle&nbsp;\u00bb<\/em>&nbsp;qui est, par nature, incompatible avec ladite&nbsp;<em>\u00ab&nbsp;obligation&nbsp;\u00bb<\/em>&nbsp;que certains voudraient imposer, de fa\u00e7on brutale, aux soignants.<\/p>\n\n\n\n<p>Ce qui se passe actuellement, en France notamment, pourrait s\u2019apparenter \u00e0 de la recherche biom\u00e9dicale&nbsp;: des essais cliniques chez l\u2019Homme (femme et homme) qui sont men\u00e9s en dehors du cadre strict r\u00e9serv\u00e9 \u00e0 cette exp\u00e9rimentation. Celle-ci est pourtant cens\u00e9e pr\u00e9c\u00e9der ladite mise sur le march\u00e9 d\u2019un m\u00e9dicament tel que le vaccin. Des essais cliniques&nbsp;<em>\u00ab&nbsp;sauvages&nbsp;\u00bb<\/em>&nbsp;organis\u00e9s, de fa\u00e7on officielle, par une AMM conditionnelle&nbsp;?<\/p>\n\n\n\n<p>Certains auraient d\u00e9j\u00e0 oubli\u00e9 quelques enseignements de l\u2019Histoire. Et notamment ceux qui ont conduit au d\u00e9clin de la Loi. En effet, l\u2019Histoire a pu r\u00e9v\u00e9ler qu\u2019une loi peut \u00eatre de nature d\u00e9lictuelle voire criminelle.<\/p>\n\n\n\n<p>Devrait-on accepter, par la contrainte, que notre corps soit le si\u00e8ge d\u2019un pari biologique, d\u2019une roulette vaccinale&nbsp;?<\/p>\n\n\n\n<p>Certains auraient d\u00e9j\u00e0 oubli\u00e9 le&nbsp;<em>Code de Nuremberg<\/em>&nbsp;et la&nbsp;<em>Convention d\u2019Oviedo<\/em>.<em><\/em><\/p>\n\n\n\n<p>Eu \u00e9gard aux \u00e9l\u00e9ments de preuve en ma possession, et aux faits observ\u00e9s sur le terrain et dont j\u2019ai \u00e9t\u00e9 le t\u00e9moin direct, je peux vous exprimer mon doute sur la validit\u00e9 du consentement qui a \u00e9t\u00e9 \u00ab\u00a0recueilli\u00a0\u00bb notamment aupr\u00e8s de certaines personnes et en particulier des personnes vuln\u00e9rables telles que les personnes \u00e2g\u00e9es. En effet, l\u2019information diffus\u00e9e, en violation de plusieurs r\u00e8gles dont celles r\u00e9gissant la publicit\u00e9 sur les m\u00e9dicaments, n\u2019est ni claire, ni loyale, ni appropri\u00e9e. Ce consentement pourrait s\u2019av\u00e9rer&nbsp;<em>\u00ab&nbsp;vici\u00e9&nbsp;\u00bb<\/em>&nbsp;: il aurait \u00e9t\u00e9&nbsp;<em>\u00ab\u00a0fabriqu\u00e9\u00a0\u00bb<\/em>&nbsp;faute de pouvoir le recueillir de fa\u00e7on libre et \u00e9clair\u00e9. Ces m\u00e9thodes pourraient relever notamment du&nbsp;<em>\u00ab&nbsp;dol&nbsp;\u00bb<\/em>.<\/p>\n\n\n\n<p>Ce&nbsp;<em>\u00ab&nbsp;dol&nbsp;\u00bb<\/em>&nbsp;est la malhonn\u00eatet\u00e9 qui vise \u00e0 induire autrui en erreur afin de le pousser \u00e0 donner son \u00ab\u00a0consentement\u00a0\u00bb. C\u2019est une erreur provoqu\u00e9e de fa\u00e7on d\u00e9lib\u00e9r\u00e9e par le professionnel du domaine qui d\u00e9tient les informations portant sur les qualit\u00e9s essentielles du produit. Mais, si ce&nbsp;<em>\u00ab&nbsp;dol&nbsp;\u00bb<\/em>&nbsp;alt\u00e8re le caract\u00e8re&nbsp;<em>\u00ab&nbsp;\u00e9clair\u00e9&nbsp;\u00bb<\/em>&nbsp;du consentement, la&nbsp;<em>\u00ab&nbsp;violence&nbsp;\u00bb<\/em>, elle, porte atteinte \u00e0 la&nbsp;<em>\u00ab&nbsp;libert\u00e9&nbsp;\u00bb<\/em>&nbsp;dudit consentement.<\/p>\n\n\n\n<p>Avec \u00e9clat, ce projet d\u2019<em>\u00ab&nbsp;obligation&nbsp;\u00bb<\/em>&nbsp;vaccinale exprime cette&nbsp;<em>\u00ab&nbsp;violence&nbsp;\u00bb<\/em>&nbsp;qui vient contraindre la personne, en l\u2019esp\u00e8ce le soignant, \u00e0 accepter de s\u2019administrer un produit insuffisamment \u00e9valu\u00e9. Cette contrainte est accentu\u00e9e par la menace de la r\u00e9vocation de l\u2019agent public qui refuserait de s\u2019administrer ce qu\u2019un juge pourrait pourtant qualifier de&nbsp;<em>\u00ab&nbsp;produits d\u00e9fectueux&nbsp;\u00bb<\/em>&nbsp;ou de&nbsp;<em>\u00ab&nbsp;substances nuisibles&nbsp;\u00bb<\/em>.<\/p>\n\n\n\n<p>Dans l\u2019un de vos tweets, vous soutenez ceci&nbsp;:&nbsp;<em>\u00ab&nbsp;Se faire vacciner, quand on est soignant, c\u2019est une question de responsabilit\u00e9. C\u2019est se prot\u00e9ger soi-m\u00eame, et c\u2019est aussi prot\u00e9ger ceux que l\u2019on soigne&nbsp;\u00bb<\/em>. Mais, la responsabilit\u00e9 commence d\u2019abord par appeler des m\u00e9thodes d\u2019\u00e9valuation ind\u00e9pendante des m\u00e9dicaments (vaccins) fond\u00e9es sur les preuves&nbsp;; par une information claire, loyale et appropri\u00e9e&nbsp;; par un recueil du consentement libre et \u00e9clair\u00e9&nbsp;; et non par des comportements qui pourraient relever du dol ou de la violence notamment. Vous semblez d\u2019ailleurs brusquement m\u00e9conna\u00eetre l\u2019efficacit\u00e9 d\u2019une alternative \u00e0 ladite vaccination&nbsp;: l\u2019efficacit\u00e9 des&nbsp;<em>\u00ab&nbsp;mesures barri\u00e8res&nbsp;\u00bb<\/em>&nbsp;dont vous avez fait la promotion depuis plusieurs mois.<\/p>\n\n\n\n<p>De fa\u00e7on infiniment accessoire, il est, pour le moins, surprenant de constater comment quelques personnes osent donner des le\u00e7ons \u00e0 des professionnels de sant\u00e9 dont certains ont un&nbsp;<em>\u00ab&nbsp;bac + 15&nbsp;\u00bb<\/em>, au moins. Quelle arrogance&nbsp;! Quel manque de respect&nbsp;! Quel m\u00e9pris\u2026 En ce qui me concerne, mon parcours me rend apte \u00e0 analyser, par moi-m\u00eame et de fa\u00e7on ind\u00e9pendante, le dossier d\u2019\u00e9valuation d\u2019un m\u00e9dicament (vaccin). Je suis aussi en mesure de juger, sans l\u2019intervention d\u2019un tiers, ce qui est bien pour ma sant\u00e9.<\/p>\n\n\n\n<p>Le&nbsp;<em>\u00ab&nbsp;paternalisme m\u00e9dical&nbsp;\u00bb<\/em>&nbsp;rel\u00e8ve d\u2019une \u00e9poque r\u00e9volue. Il s\u2019est effac\u00e9 depuis au moins 2002.<\/p>\n\n\n\n<p>Ce projet d\u2019<em>\u00ab&nbsp;obligation&nbsp;\u00bb<\/em>&nbsp;vaccinale contrevient \u00e9galement \u00e0 la&nbsp;<em>R\u00e9solution 2361<\/em>&nbsp;qui a \u00e9t\u00e9 adopt\u00e9e, le 27 janvier 2021, par le Conseil de l\u2019Europe sous le titre&nbsp;<em>\u00ab&nbsp;Vaccins contre la covid-19&nbsp;: consid\u00e9rations \u00e9thiques, juridiques et pratiques&nbsp;\u00bb<\/em>. Il contrevient \u00e0 notamment l\u2019article&nbsp;<em>7.3.1.&nbsp;: \u00ab&nbsp;de s\u2019assurer que les citoyens et citoyennes sont inform\u00e9s que la vaccination n\u2019est PAS [\u00e9crit en MAJUSCULES dans le texte] obligatoire et que personne ne subit de pressions politiques, sociales ou autres pour se faire vacciner, s\u2019il ou elle ne souhaite pas le faire personnellement&nbsp;\u00bb<\/em>&nbsp;; et \u00e0 l\u2019article&nbsp;<em>7.3.2.&nbsp;: \u00ab&nbsp;de veiller \u00e0 ce que personne ne soit victime de discrimination pour ne pas avoir \u00e9t\u00e9 vaccin\u00e9, en raison de risques potentiels pour la sant\u00e9 ou pour ne pas vouloir se faire vacciner&nbsp;\u00bb<\/em>.<\/p>\n\n\n\n<p>La simple \u00e9vocation de ce projet&nbsp;d\u2019<em>\u00ab&nbsp;obligation&nbsp;\u00bb<\/em>&nbsp;vaccinale signe aussi, presque m\u00e9caniquement,&nbsp;une trahison de l\u2019engagement donn\u00e9 par le Pr\u00e9sident de la R\u00e9publique, Monsieur Emmanuel MACRON.<\/p>\n\n\n\n<p>Ce projet&nbsp;d\u2019<em>\u00ab&nbsp;obligation&nbsp;\u00bb<\/em>&nbsp;vaccinale&nbsp;me semble donc \u00eatre une faute juridique, morale, \u00e9thique et politique notamment.<\/p>\n\n\n\n<p>La liste des distorsions est longue. Mais, ces quelques \u00e9l\u00e9ments ci-dessus rappel\u00e9s suffisent \u00e0 d\u00e9montrer le caract\u00e8re, pour le moins, anormal de notamment ces menaces qui ciblent r\u00e9guli\u00e8rement les professionnels de sant\u00e9 en pareilles circonstances. Ces violences sont prescrites au niveau politique et m\u00e9diatique. Leurs motivations paraissent \u00e9trang\u00e8res au bien-\u00eatre physique, mental et social que toute personne est en droit d\u2019esp\u00e9rer.<\/p>\n\n\n\n<p>Ces faits viennent confirmer encore davantage la r\u00e9flexion publi\u00e9e, le 7 juin 2020, dans le journal&nbsp;<em>Le Point<\/em>&nbsp;sous le titre&nbsp;<em>\u00ab&nbsp;<\/em><em><a rel=\"noreferrer noopener\" href=\"https:\/\/www.lepoint.fr\/invites-du-point\/tribune-ce-qui-est-refuse-au-professeur-didier-raoult-est-permis-a-d-autres-07-06-2020-2378816_420.php\" target=\"_blank\">TRIBUNE. Ce qui est refus\u00e9 au professeur Didier Raoult est permis \u00e0 d\u2019autres<\/a><\/em><em>&nbsp;\u00bb<\/em>.<\/p>\n\n\n\n<p><em>\u00ab&nbsp;<a href=\"http:\/\/ctiapchcholet.blogspot.com\/2021\/02\/vaccins-contre-la-covid-19-le.html\" target=\"_blank\" rel=\"noreferrer noopener\">Vaccins contre la Covid-19&nbsp;: le pharmacien r\u00e9duit \u00e0 un simple distributeur automatique&nbsp;?<\/a>&nbsp;\u00bb<\/em>&nbsp;est une autre r\u00e9flexion publi\u00e9e le 17 f\u00e9vrier 2021.<\/p>\n\n\n\n<p>Par ces motifs non exhaustifs qui vous sont soumis, je vous demande donc de bien vouloir faire en sorte que le corps d\u2019un soignant puisse b\u00e9n\u00e9ficier du m\u00eame respect que celui accord\u00e9 \u00e0 toute personne humaine.<\/p>\n\n\n\n<p>Le corps d\u2019un soignant ne saurait \u00eatre consid\u00e9r\u00e9, par l\u2019<em>\u00ab&nbsp;obligation&nbsp;\u00bb,&nbsp;<\/em>comme une \u00ab\u00a0poubelle\u00a0\u00bb.<\/p>\n\n\n\n<p>Je vous prie de bien vouloir recevoir, Monsieur le Ministre des solidarit\u00e9s et de la sant\u00e9, l\u2019expression de mon profond respect.<\/p>\n\n\n\n<p class=\"has-text-align-right\">Docteur Amine UMLIL<\/p>\n\n\n\n<p class=\"has-text-align-right\">Pharmacien des h\u00f4pitaux, praticien hospitalier<\/p>\n\n\n\n<p class=\"has-text-align-right\">Juriste (Droit de la sant\u00e9)<\/p>\n\n\n\n<p class=\"has-text-align-right\">Extrait du&nbsp;<em><a rel=\"noreferrer noopener\" href=\"http:\/\/ctiapchcholet.blogspot.com\/p\/a-propos-de-lauteur.html\" target=\"_blank\">Curriculum vitae<\/a>&nbsp;(C.V.)<\/em><\/p>\n\n\n\n<p>Source : <a rel=\"noreferrer noopener\" href=\"http:\/\/ctiapchcholet.blogspot.com\/2021\/03\/covid-19-projet-de-vaccination.html\" target=\"_blank\">http:\/\/ctiapchcholet.blogspot.com\/2021\/03\/covid-19-projet-de-vaccination.html<\/a><\/p>\n\n\n\n<p><em>Lettre reproduite avec l&rsquo;aimable autorisation de l&rsquo;auteur.<\/em><\/p>\n\n\n\n<hr class=\"wp-block-separator\"\/>\n\n\n\n<h3 class=\"wp-block-heading\">A propos de l&rsquo;auteur <\/h3>\n\n\n\n<div class=\"wp-block-image\"><figure class=\"alignleft size-medium\"><img loading=\"lazy\" decoding=\"async\" width=\"300\" height=\"221\" src=\"https:\/\/bibleetsciencediffusion.org\/wp-content\/uploads\/2021\/03\/P23064737D4136565G-300x221.jpg\" alt=\"\" class=\"wp-image-8813\" srcset=\"https:\/\/bibleetsciencediffusion.org\/wp-content\/uploads\/2021\/03\/P23064737D4136565G-300x221.jpg 300w, https:\/\/bibleetsciencediffusion.org\/wp-content\/uploads\/2021\/03\/P23064737D4136565G-768x565.jpg 768w, https:\/\/bibleetsciencediffusion.org\/wp-content\/uploads\/2021\/03\/P23064737D4136565G-600x441.jpg 600w, https:\/\/bibleetsciencediffusion.org\/wp-content\/uploads\/2021\/03\/P23064737D4136565G.jpg 1024w\" sizes=\"auto, (max-width: 300px) 100vw, 300px\" \/><figcaption>Dr Amine UMLIL <\/figcaption><\/figure><\/div>\n\n\n\n<p>Le Docteur Amine UMLIL est pharmacien des h\u00f4pitaux, praticien hospitalier, juriste (droit de la sant\u00e9), membre de l\u2019AFDS (association fran\u00e7aise de droit de la sant\u00e9), ancien assistant sp\u00e9cialiste, ancien interne des centres hospitaliers universitaires de Toulouse, ancien \u00e9tudiant \u00e0 la facult\u00e9 de pharmacie d\u2019Angers.<\/p>\n\n\n\n<p><strong><u>Responsabilit\u00e9s au centre hospitalier de Cholet<\/u><\/strong><\/p>\n\n\n\n<p>CTIAP : <\/p>\n\n\n\n<ul class=\"wp-block-list\"><li>Unit\u00e9 de pharmacovigilance<\/li><li>Coordination des vigilances sanitaires<\/li><\/ul>\n\n\n\n<p><strong><u>Extrait du&nbsp;<em>Curriculum vitae<\/em>&nbsp;(C.V.)<\/u><\/strong><\/p>\n\n\n\n<p><strong>Dipl\u00f4mes :<\/strong><\/p>\n\n\n\n<ul class=\"wp-block-list\"><li>Master 2 Droit de la sant\u00e9<\/li><li>Licence de droit<\/li><li>Dipl\u00f4me d\u2019\u00e9tudes sp\u00e9cialis\u00e9es de pharmacie industrielle et biom\u00e9dicale<\/li><li>Dipl\u00f4me d\u2019Etat de docteur en pharmacie<\/li><li>Dipl\u00f4me universitaire de gestion des entreprises<\/li><li>Dipl\u00f4me universitaire de pathologie m\u00e9dico-chirurgicale<\/li><li>Dipl\u00f4me universitaire de pharmacocin\u00e9tique [science \u00e9tudiant le devenir du m\u00e9dicament dans l\u2019organisme]<\/li><li>Dipl\u00f4me interuniversitaire d\u2019antibiologie et autres traitements anti-infectieux<\/li><li>Dipl\u00f4me interuniversitaire de statistique appliqu\u00e9e \u00e0 la m\u00e9decine, option biologie<\/li><li>Ma\u00eetrise de sciences biologiques et m\u00e9dicales<\/li><li>Certificat Informatique et Internet \u00ab&nbsp;C2i&nbsp;\u00bb niveau 1<\/li><\/ul>\n\n\n\n<p><strong>Autres exp\u00e9riences :<\/strong><\/p>\n\n\n\n<ul class=\"wp-block-list\"><li>Pharmacies de ville (officine)<\/li><li>Enseignant dans des instituts de formation en soins infirmiers (IFSI)&nbsp;<\/li><li>Cours aux externes en pharmacie (\u00e9tudiants 5<sup>\u00e8me<\/sup>&nbsp;ann\u00e9e)&nbsp;<\/li><li>Cours aux pr\u00e9parateurs en pharmacie<\/li><li>Directeur de th\u00e8se \u00ab&nbsp;D\u00e9veloppement de l\u2019information sur les traitements aupr\u00e8s des patients ambulatoires de l\u2019h\u00f4pital de Cholet&nbsp;: prise en compte de leur avis dans la conception de fiches conseils&nbsp;\u00bb<\/li><\/ul>\n\n\n\n<p><strong>Publications dans des revues avec comit\u00e9 de lecture :<\/strong><\/p>\n\n\n\n<ul class=\"wp-block-list\"><li>Liver sinusoidal obstruction syndrome associated with trastuzumab emtansine treatment for breast cancer (<em>Therapie<\/em> 2019)<\/li><li>Contrat de bon usage des m\u00e9dicaments&nbsp;: proposition d\u2019une m\u00e9thodologie pour r\u00e9aliser l\u2019\u00e9tat des lieux du circuit du m\u00e9dicament dans un Centre Hospitalier G\u00e9n\u00e9ral (revue <em>Le Pharmacien Hospitalier<\/em> 2006&nbsp;; 41(165)&nbsp;: 85-98)<\/li><li>La pharmacovigilance dans un Centre Hospitalier G\u00e9n\u00e9ral : modalit\u00e9s pratiques de mise en place, r\u00e9sultats et actions d\u2019am\u00e9liorations (revue <em>Le Pharmacien Hospitalier<\/em> 2006&nbsp;; 41(165)&nbsp;: 73-83)<\/li><li>L\u2019h\u00f4pital public est-il soluble dans le marketing&nbsp;? \u2013 Editorial (rev<em>ue Le Pharmacien Hospitalier<\/em> 2006&nbsp;; 41(166)&nbsp;: 132-133)<\/li><li>Un blister agressif (revue <em>Prescrire<\/em>&nbsp;2005&nbsp;; 25 (262)&nbsp;: 475)<\/li><li>R\u00e9trocession et fiches conseils&nbsp;: que veulent les patients&nbsp;? (Congr\u00e8s national des pharmaciens des h\u00f4pitaux, La Rochelle, 10, 11 et 12 mai 2005)<\/li><li>Ribavirine&nbsp;: une discordance dans la posologie&nbsp;?&nbsp;(revue&nbsp;<em>Prescrire<\/em> 2004&nbsp;; 24 (252)&nbsp;: 556)<\/li><li>Population pharmacokinetics of oxaliplatin (<em>Cancer Chemotherapy and Pharmacology,<\/em> 2003, 51&nbsp;: 127-131)<\/li><li>Incidents de mat\u00e9riovigilance&nbsp;: bilan 2001 dans un centre hospitalier de 462 lits (52<sup>\u00e8mes<\/sup>&nbsp;journ\u00e9es de l\u2019APHO, Saint-Malo, 18 et 19 avril 2002) [APHO&nbsp;: association de pharmacie hospitali\u00e8re de l\u2019ouest]<\/li><li>Inter- and Intra-Patient Variability of Oxaliplatin Pharmacokinetics (<em>American Society of Clinical Oncology,<\/em> San Francisco, 2001)<\/li><li>Suivi des livraisons des dispositifs m\u00e9dicaux&nbsp;: exp\u00e9rience toulousaine (revue de l\u2019ADPHSO, tome 23, n\u00b0 4, 1998 \u2013 pp. 1-11) [ADPHSO&nbsp;: Association pour le D\u00e9veloppement de la Pharmacie Hospitali\u00e8re du Sud-Ouest]<\/li><li>Suivi des non conformit\u00e9s sur la qualit\u00e9 des dispositifs m\u00e9dicaux \u00e0 la CAMSP de Toulouse (8<sup>\u00e8mes<\/sup>&nbsp;journ\u00e9es Euro Pharmat, Paris, 13 et 14 octobre 1998) [CAMSP&nbsp;: Centrale d\u2019Approvisionnement en Mat\u00e9riel St\u00e9rile et Pansements]<\/li><li>Le suivi des \u00ab&nbsp;r\u00e9clamations clients&nbsp;\u00bb \u00e0 la CAMSP de Toulouse&nbsp;: mise en \u0153uvre, r\u00e9sultats et actions correctives (8<sup>\u00e8mes<\/sup>&nbsp;journ\u00e9es Euro Pharmat, Paris, 13 et 14 octobre 1998)<\/li><li>Exp\u00e9rience pratique de validation et contr\u00f4le de routine d\u2019un st\u00e9rilisateur \u00e0 l\u2019oxyde d\u2019\u00e9thyl\u00e8ne (20<sup>\u00e8mes&nbsp;<\/sup>journ\u00e9es nationales d\u2019\u00e9tudes sur la st\u00e9rilisation dans les \u00e9tablissements de soins, Strasbourg, 22 et 23 avril 1998)<\/li><li>M\u00e9moire du Master 2 Droit de la Sant\u00e9 : \u00ab&nbsp;Le circuit du m\u00e9dicament dans les \u00e9tablissements de sant\u00e9 fran\u00e7ais face aux articles 223-1 et 223-2 du code p\u00e9nal.&nbsp;<em>\u00ab&nbsp;Des risques caus\u00e9s \u00e0 autrui&nbsp;\u00bb<\/em>&nbsp;\u00bb (septembre 2019)<\/li><li>Livres sur le m\u00e9dicament <em>\u00ab&nbsp;M\u00e9dicament&nbsp;: recadrage. Sans ton pharmacien, t\u2019es mort&nbsp;!&nbsp;\u00bb<\/em>&nbsp;(Collection sciences et savoirs. \u00c9ditions Les 2 Encres. Septembre 2013)<\/li><li><em>\u00ab&nbsp;Ce que devient le m\u00e9dicament dans le corps humain&nbsp;\u00bb<\/em>&nbsp;(Collection Conna\u00eetre le m\u00e9dicament. Tome 1. \u00c9ditions BoD. Juin 2016)<\/li><li><em>\u00ab&nbsp;L\u2019\u00e9quation hospitali\u00e8re&nbsp;: de Robert Boulin \u00e0 Marisol Touraine&nbsp;\u00bb<\/em>&nbsp;(\u00c9ditions BoD. Octobre 2016)<\/li><li><em>\u00ab&nbsp;20&nbsp;000&nbsp;; Plaise au Pr\u00e9sident de la R\u00e9publique Fran\u00e7aise&nbsp;\u00bb<\/em>&nbsp;(Collection Conna\u00eetre le m\u00e9dicament. Tome 2. \u00c9ditions BoD. Septembre 2017)<\/li><li><em>\u00ab&nbsp;Obstacles \u00e0 la pharmacovigilance&nbsp;: D\u00e9linquance en col blanc&nbsp;; Inertie des pouvoirs publics&nbsp;\u00bb<\/em>&nbsp;(Collection Conna\u00eetre le m\u00e9dicament. Tome 3. \u00c9ditions BoD. D\u00e9cembre 2018)<\/li><\/ul>\n\n\n\n<hr class=\"wp-block-separator\"\/>\n\n\n\n<h3 class=\"wp-block-heading\">Notes<\/h3>\n\n\n\n<p>Un lecteur nous a fait parvenir le long commentaire suivant :<\/p>\n\n\n\n<blockquote class=\"wp-block-quote is-layout-flow wp-block-quote-is-layout-flow\"><p>Bonjour,<\/p><p><\/p><p>Intitul\u00e9e \u00ab\u00a0<em>vaccins contre la covid-19: consid\u00e9rations \u00e9thiques, juridiques et pratiques<\/em>\u00ab\u00a0, et adopt\u00e9e le 27 janvier 2021 par une forte majorit\u00e9&nbsp;des pr\u00e9sents (115 pour, 2 contre et 13 abstentions),&nbsp;<a rel=\"noreferrer noopener\" href=\"https:\/\/perma.cc\/PA5P-ABZ6\" target=\"_blank\">la r\u00e9solution<\/a>&nbsp;2361\/2021 de l&rsquo;Assembl\u00e9e du Conseil de l&rsquo;Europe [cit\u00e9e dans dans \u00ab\u00a0la lettre ouverte\u00a0\u00bb diffus\u00e9e par votre r\u00e9seau] pr\u00e9conise au paragraphe 7.3.1 de \u00ab\u00a0<em>s&rsquo;assurer que les citoyens et citoyennes (soient) inform\u00e9s que la vaccination n&rsquo;est pas obligatoire et que personne ne subit de pressions politiques, sociales ou autres pour se faire vacciner, s&rsquo;il ou elle ne souhaite pas le faire personnellement<\/em>\u00ab\u00a0.&nbsp;<br \/><strong>Toutefois, il importe de pr\u00e9ciser \u00e0 vos lecteurs que la r\u00e9solution pr\u00e9conise cela pour&nbsp;\u00ab\u00a0<\/strong><em>assurer un niveau \u00e9lev\u00e9 d\u2019acceptation des vaccins<\/em><strong>\u00a0\u00bb&nbsp;<\/strong>(cf. <strong>paragraphe 7.3)<\/strong><br \/>Comme de pr\u00e9ciser que ladite r\u00e9solution pr\u00e9conise \u00e9galement, au paragraphe 7.3.3, \u00ab\u00a0<strong>de prendre&nbsp;des mesures efficaces&nbsp;<\/strong><strong><em>le plus t\u00f4t possible&nbsp;<\/em><\/strong><strong>pour lutter contre les fausses informations, la d\u00e9sinformation et la m\u00e9fiance&nbsp;concernant les vaccins contre la covid-19&Prime;.<\/strong><\/p><p><\/p><p><strong>Il serait encore bon de pr\u00e9ciser \u00e0 vos lecteurs, pour \u00e9viter les malentendus, que la r\u00e9solution 2361\/2021 adopt\u00e9e le 27\/01\/21 par l&rsquo;Assembl\u00e9e du Conseil de l&rsquo;Europe n&rsquo;a&nbsp;pas de valeur coercitive, \u00e0 savoir que les Etats ne sont pas contraints de la transposer dans leur l\u00e9gislation.&nbsp;<\/strong><em>C&rsquo;est une simple prise de position. C&rsquo;est un acte de nature politique.<\/em><\/p><p><\/p><p><em>Au paragraphe 8 de la r\u00e9solution, il est d&rsquo;ailleurs sp\u00e9cifi\u00e9 qu'\u00a0\u00bben r\u00e9f\u00e9rence \u00e0 la&nbsp;<\/em><em><a rel=\"noreferrer noopener\" href=\"https:\/\/wr.perma-archives.org\/public\/pa5p-abz6\/20210309170605mp_\/https:\/\/pace.coe.int\/fr\/files\/28773\" target=\"_blank\">R\u00e9solution&nbsp;2337 (2020)<\/a><\/em><em>&nbsp;intitul\u00e9e \u00abLes d\u00e9mocraties face \u00e0 la pand\u00e9mie de covid-19\u00bb, l\u2019Assembl\u00e9e [du Conseil de l&rsquo;Europe]r\u00e9affirme que les parlements, en tant que cl\u00e9s de vo\u00fbte de la d\u00e9mocratie, doivent continuer de jouer leur triple r\u00f4le de repr\u00e9sentation, d\u2019\u00e9laboration de la loi et de contr\u00f4le en ces temps de pand\u00e9mie. L\u2019Assembl\u00e9e demande donc aux parlements&nbsp;<\/em><em><strong>d\u2019exercer ces pouvoirs, selon le cas, \u00e9galement en ce qui concerne la mise au point, l\u2019attribution et la distribution des vaccins contre la covid-19&Prime;.<\/strong><\/em><\/p><p><\/p><p><strong>Cette r\u00e9solution&nbsp;<\/strong><em>ne cr\u00e9\u00e9 pas de r\u00e8gle juridique proscrivant l&rsquo;obligation de se faire vacciner<\/em>\u00a0\u00bb et&nbsp;l&rsquo;on ne saurait en conclure, \u00e0 l&rsquo;instar de l&rsquo;auteur de \u00ab\u00a0la lettre ouverte\u00a0\u00bb,&nbsp;que \u00ab\u00a0<em>toute obligation de vaccination (serait) d\u00e9sormais ill\u00e9gale<\/em><strong>\u00ab\u00a0.<\/strong><\/p><p><\/p><p><em>Cette r\u00e9solution n&rsquo;est donc pas anti-vaccin et ne saurait non plus \u00eatre utilis\u00e9e pour soutenir une action anti-vaccin, puisqu&rsquo;elle cherche au contraire les moyens de faciliter l&rsquo;administration du vaccin dans les Etats de droit que sont les Etats europ\u00e9ens, en dehors donc des moyens de la coercition<\/em><strong>.<\/strong><\/p><p><\/p><p><strong>Il est possible de consulter la fameuse r\u00e9solution 2361\/2021 du Conseil de l&rsquo;Europe sur&nbsp;<\/strong><a rel=\"noreferrer noopener\" href=\"https:\/\/perma.cc\/PA5P-ABZ6\" target=\"_blank\">https:\/\/perma.cc\/PA5P-ABZ6<\/a>&nbsp;<\/p><p><\/p><p><strong>Pour rappel, la vaccination contre le covid-19 n&rsquo;est pas obligatoire \u00e0 ce jour pour les soignants en France, quoique cette \u00e9ventualit\u00e9 n&rsquo;ait pas \u00e9t\u00e9&nbsp;<\/strong><strong><a rel=\"noreferrer noopener\" href=\"https:\/\/twitter.com\/franceinfo\/status\/1367743289101852672\" target=\"_blank\">\u00e9cart\u00e9e<\/a><\/strong><strong>&nbsp;par&nbsp;le porte-parole du gouvernement Gabriel Attal. Elle n&rsquo;est \u00e0 ce jour pas non plus obligatoire en France pour des particuliers, contrairement \u00e0&nbsp;<\/strong><strong><a rel=\"noreferrer noopener\" href=\"https:\/\/www.ameli.fr\/assure\/sante\/themes\/vaccination\/vaccins-obligatoires\" target=\"_blank\">11 autres vaccins<\/a><\/strong><strong>.&nbsp;<\/strong><\/p><p><\/p><p><strong>Pour rappel encore, le Conseil de l&rsquo;Europe, qui si\u00e8ge \u00e0 Strasbourg,&nbsp;est une institution fond\u00e9e par le trait\u00e9 de Londres en 1949.&nbsp;Ind\u00e9pendante de l&rsquo;Union europ\u00e9enne, elle r\u00e9unit aujourd&rsquo;hui&nbsp;<\/strong><strong><a rel=\"noreferrer noopener\" href=\"https:\/\/www.coe.int\/en\/web\/portal\/47-members-states\" target=\"_blank\">47 \u00e9tats membres<\/a><\/strong><strong>, dont ceux de l&rsquo;UE, mais aussi la Russie, la Turquie ou encore l&rsquo;Islande par exemple, avec entre autres pour&nbsp;<\/strong><strong><a rel=\"noreferrer noopener\" href=\"https:\/\/www.coe.int\/fr\/web\/about-us\" target=\"_blank\">ambition&nbsp;<\/a><\/strong><strong>de d\u00e9fendre l&rsquo;Etat de droit, les droits de l&rsquo;Homme et d&rsquo;oeuvrer pour la stabilit\u00e9 d\u00e9mocratique en Europe.&nbsp;<\/strong><\/p><p><\/p><p>Le Conseil est notamment compos\u00e9 de deux&nbsp;<a rel=\"noreferrer noopener\" href=\"https:\/\/www.coe.int\/fr\/web\/about-us\/structure\" target=\"_blank\">organes&nbsp;<\/a>: un&nbsp;<a rel=\"noreferrer noopener\" href=\"https:\/\/www.coe.int\/fr\/web\/cm\/about-cm\" target=\"_blank\">comit\u00e9 des ministres<\/a>&nbsp;des Affaires \u00e9trang\u00e8res&nbsp;(ou de leurs repr\u00e9sentants), et une&nbsp;<a rel=\"noreferrer noopener\" href=\"https:\/\/pace.coe.int\/fr\/\" target=\"_blank\">Assembl\u00e9e parlementaire<\/a>&nbsp;compos\u00e9e de 648 membres repr\u00e9sentant les pays (leur nombre est pond\u00e9r\u00e9&nbsp;en fonction de la population). La&nbsp;<a rel=\"noreferrer noopener\" href=\"https:\/\/www2.assemblee-nationale.fr\/instances\/fiche\/OMC_PO304272\" target=\"_blank\">d\u00e9l\u00e9gation fran\u00e7aise<\/a>&nbsp;par exemple est compos\u00e9e de 36 d\u00e9put\u00e9s et s\u00e9nateurs (titulaires et suppl\u00e9ants confondus).&nbsp;<\/p><p><\/p><p><strong>C&rsquo;est cette derni\u00e8re qui a adopt\u00e9 fin janvier la&nbsp;<\/strong><strong><a class=\"ydp9a6b86c5yiv6771471967enhancr_card_6588518690 ydp1f151ffenhancr_card_6111773516\" rel=\"noreferrer noopener\" href=\"https:\/\/perma.cc\/PA5P-ABZ6\" target=\"_blank\">r\u00e9solution<\/a><\/strong><strong>&nbsp;dont il est question plus haut.<\/strong><\/p><p><br \/>Cordialement,<\/p><cite>\u00ab\u00a0Pep&rsquo;s\u00a0\u00bb<strong>Mon blogue perso<\/strong> : <a rel=\"noreferrer noopener\" href=\"https:\/\/pepscafeleblogue.wordpress.com\/\" target=\"_blank\">https:\/\/pepscafeleblogue. wordpress.com\/<\/a><br \/><em>\u00ab\u00a0Derri\u00e8re les avatars se cachent des \u00eatres humains\u00a0\u00bb<\/em><\/cite><\/blockquote>\n\n\n\n<p>Nous avons demand\u00e9 au Dr Amine Umlil de r\u00e9pondre. Voici sa r\u00e9ponse <em>in<\/em> <em>extenso<\/em> :<\/p>\n\n\n\n<blockquote class=\"wp-block-quote is-layout-flow wp-block-quote-is-layout-flow\"><p>Bonjour,<\/p><p><\/p><p>Faisant suite \u00e0 votre message (ci-dessous), je vous propose les quelques \u00e9l\u00e9ments (non exhaustifs) suivants&nbsp;; en r\u00e9ponse \u00e0 l\u2019auteur dudit commentaire que vous avez re\u00e7u&nbsp;:<\/p><p><\/p><p>Contrairement \u00e0 ce qui est affirm\u00e9 par l\u2019auteur de ce commentaire, la lettre en question n\u2019a jamais soutenu&nbsp;<em>\u00ab&nbsp;que \u00ab&nbsp;toute obligation de vaccination (serait) d\u00e9sormais ill\u00e9gale&nbsp;\u00bb&nbsp;\u00bb&nbsp;<\/em>&nbsp;sur le fondement de ladite R\u00e9solution&nbsp;adopt\u00e9e par le Conseil de l\u2019Europe.<\/p><p><\/p><p>Les&nbsp;fondements juridiques, sur lesquels un juge pourrait se fonder pour d\u00e9clarer cette obligation&nbsp;<em>\u00ab&nbsp;ill\u00e9gale&nbsp;\u00bb<\/em>, ont \u00e9t\u00e9 rappel\u00e9s avant le paragraphe consacr\u00e9 \u00e0 cette R\u00e9solution&nbsp;; paragraphe qui est d\u2019ailleurs suivi par celui qui rappelle aussi l\u2019engagement du Pr\u00e9sident de la R\u00e9publique de ne pas rendre cette obligation obligatoire. Ces deux paragraphes, de nature&nbsp;<em>\u00ab&nbsp;politique&nbsp;\u00bb<\/em>, sont bien distincts de l\u2019argumentation juridique&nbsp;contraignante&nbsp;qui, elle, commence par notamment&nbsp;<em>\u00ab&nbsp;Un tel projet heurte plusieurs dispositions du droit interne et externe, (\u2026)&nbsp;\u00bb<\/em>.<\/p><p><\/p><p>Ces deux paragraphes, de nature&nbsp;<em>\u00ab&nbsp;politique&nbsp;\u00bb<\/em>, sont cit\u00e9s&nbsp;apr\u00e8s&nbsp;un paragraphe qui commence par&nbsp;<em>\u00ab&nbsp;De fa\u00e7on infiniment accessoire&nbsp;\u00bb<\/em>. Ils pourraient donc \u00eatre qualifi\u00e9s de paragraphes&nbsp;<em>\u00ab&nbsp;tr\u00e8s infiniment accessoires&nbsp;\u00bb<\/em>\u2026 sur le plan juridique.<\/p><p><\/p><p>Contrairement \u00e0 ce que soutient l\u2019auteur du commentaire, la v\u00e9ritable&nbsp;<em>\u00ab&nbsp;conclusion&nbsp;\u00bb<\/em>&nbsp;de la lettre est la suivante&nbsp;:&nbsp;<em>\u00ab&nbsp;Ce projet d\u2019&nbsp;\u00ab&nbsp;obligation&nbsp;\u00bb vaccinale me semble donc \u00eatre une faute juridique, morale, \u00e9thique et politique notamment&nbsp;\u00bb<\/em>. La violation de ladite R\u00e9solution peut relever notamment d\u2019une&nbsp;<em>\u00ab&nbsp;faute politique&nbsp;\u00bb<\/em>.<\/p><p><\/p><p>S\u2019il est exact que cette R\u00e9solution n\u2019a pas de caract\u00e8re contraignant au sens juridique du terme, sa violation pourrait, toutefois, poser la question de la conformit\u00e9 de cette obligation vaccinale au regard des crit\u00e8res europ\u00e9ens de protection des droits de l\u2019homme&nbsp;; et donc une \u00e9ventuelle saisine de la Cour europ\u00e9enne des droits de l\u2019homme reste envisageable.<\/p><p><\/p><p>Il est difficilement imaginable de voir un pays s\u2019associer \u00e0 une R\u00e9solution du Conseil de l\u2019Europe, et venir ensuite contredire cette R\u00e9solution en interne.<\/p><p><\/p><p>L\u2019auteur du commentaire est \u00e9galement invit\u00e9 \u00e0 lire l\u2019article paru, ce jour, dans le&nbsp;<em>Courrier de l\u2019Ouest<\/em>&nbsp;qui rappelle les&nbsp;conditions juridiques requises&nbsp;pour qu\u2019une obligation vaccinale soit l\u00e9gale (notamment pour les professionnels de sant\u00e9)&nbsp;:&nbsp;utilit\u00e9&nbsp;;&nbsp;proportionnalit\u00e9&nbsp;; rapport b\u00e9n\u00e9fice\/risque favorable d\u00e9montr\u00e9&nbsp;:<\/p><p><\/p><p><a href=\"https:\/\/www.ouest-france.fr\/sante\/virus\/coronavirus\/covid-19-vaccination-le-pharmacologue-s-oppose-a-toute-injonction-et-obligation-en-l-etat-e17d484e-829a-11eb-9b48-4e2dc069098e\">https:\/\/www.ouest-france.fr\/sante\/virus\/coronavirus\/covid-19-vaccination-le-pharmacologue-s-oppose-a-toute-injonction-et-obligation-en-l-etat-e17d484e-829a-11eb-9b48-4e2dc069098e<\/a>.<\/p><p><\/p><p>Il est invit\u00e9 \u00e0 lire aussi cet article publi\u00e9, le 7 septembre 2020 sur le site du CTIAP (centre territorial d\u2019information ind\u00e9pendante et d\u2019avis pharmaceutiques) du centre hospitalier de Cholet, sous le titre&nbsp;<em>\u00ab&nbsp;Covid-19&nbsp;: la face \u00ab\u00a0cach\u00e9e\u00a0\u00bb du<\/em><em> test RT-PCR&nbsp;\u00bb<\/em>&nbsp;:&nbsp;<a href=\"http:\/\/ctiapchcholet.blogspot.com\/2020\/09\/covid-19-la-face-cachee-du-test-rt-pcr.html\">http:\/\/ctiapchcholet.blogspot.com\/2020\/09\/covid-19-la-face-cachee-du-test-rt-pcr.html<\/a>,<\/p><p><\/p><p>ainsi que celui du 25 septembre 2020 sous le titre&nbsp;<em>\u00ab&nbsp;Covid-19 et d\u00e9cisions prises&nbsp;: une tribune de&nbsp;<\/em><em><u>plusieurs juristes<\/u><\/em><em>&nbsp;conforte nos alertes&nbsp;\u00bb&nbsp;<\/em>:&nbsp;<a href=\"http:\/\/ctiapchcholet.blogspot.com\/2020\/09\/covid-19-et-decisions-prises-une.html\">http:\/\/ctiapchcholet.blogspot.com\/2020\/09\/covid-19-et-decisions-prises-une.html<\/a>.<\/p><p><\/p><p>Par ailleurs, la classique et m\u00e9diatique dichotomie&nbsp;<em>\u00ab&nbsp;pro-vax \/ antivax&nbsp;\u00bb<\/em>&nbsp;ne peut prosp\u00e9rer dans un domaine complexe tel que celui du m\u00e9dicament&nbsp;(vaccin) : ce qui compte, c\u2019est le rapport b\u00e9n\u00e9fice\/risque qui appelle une \u00e9valuation ind\u00e9pendante, notamment \u00e0 l\u2019\u00e9chelle de l\u2019individu (de la personne humaine).<\/p><p><\/p><p>Souvent, en qualifiant autrui d\u2019<em>\u00ab&nbsp;antivax&nbsp;\u00bb<\/em>&nbsp;ou de&nbsp;<em>\u00ab&nbsp;complotistes&nbsp;\u00bb<\/em>, celles et ceux qui manquent d\u2019arguments objectifs et v\u00e9rifiables tentent de mettre fin au d\u00e9bat d\u2019int\u00e9r\u00eat g\u00e9n\u00e9ral qui est cens\u00e9 \u00eatre public, contradictoire et utile.<\/p><p><\/p><p>Et, il est, pour le moins, amusant de lire&nbsp;<em>\u00ab&nbsp;(\u2026) que les parlements, en tant que cl\u00e9s de vo\u00fbte de la d\u00e9mocratie, doivent continuer de jouer leur triple r\u00f4le de repr\u00e9sentation, d\u2019\u00e9laboration de la loi et de contr\u00f4le en ces temps de pand\u00e9mie (\u2026) d\u2019exercer ces pouvoirs (\u2026)&nbsp;\u00bb<\/em>\u2026 lorsque l\u2019on constate ce qu&rsquo;est devenu ce Parlement depuis notamment la cr\u00e9ation, en mars 2020, d\u2019un r\u00e9gime juridique nouveau relatif \u00e0 l\u2019\u00e9tat d\u2019urgence sanitaire.<\/p><p><\/p><p>(N.B.&nbsp;: dans ce cadre, il semblerait que des avocats auraient d\u00e9pos\u00e9 une plainte aupr\u00e8s de la Cour p\u00e9nale internationale pour violation du&nbsp;<em>Code de Nuremberg<\/em>. Cette plainte proviendrait d\u2019Isra\u00ebl.)<\/p><p><\/p><p>Etc.<\/p><p><\/p><p>En esp\u00e9rant avoir r\u00e9pondu rapidement \u00e0 vos attentes, et en restant \u00e0 votre disposition,<\/p><p><\/p><p>Bien cordialement,<\/p><cite>Docteur Amine UMLIL<br \/><br \/>Pharmacien des h\u00f4pitaux, praticien hospitalier, juriste (Droit de la sant\u00e9), membre de l\u2019AFDS (Association Fran\u00e7aise de Droit de la Sant\u00e9), unit\u00e9 de pharmacovigilance, coordination des vigilances sanitaires, CTIAP (Centre territorial d\u2019information ind\u00e9pendante et d\u2019avis pharmaceutiques)&nbsp;:&nbsp;<a rel=\"noreferrer noopener\" href=\"http:\/\/ctiapchcholet.blogspot.com\/\" target=\"_blank\">http:\/\/ctiapchcholet.blogspot.com\/<\/a>, Centre hospitalier de Cholet, 1, rue Marengo, <a class=\"aqm-autolink\" href=\"tel:49325\">49325<\/a>&nbsp;CHOLET Cedex, France. <\/cite><\/blockquote>\n\n\n\n<h3 class=\"wp-block-heading\">Ressources recommand\u00e9es :<\/h3>\n\n\n\n<ul class=\"wp-block-list\"><li><a href=\"https:\/\/lumieremonde.wordpress.com\/2021\/06\/05\/faucigate\/\">Les e-mails de Fauci, le prochain scandale \u00e0 venir ?<\/a><\/li><li><a rel=\"noreferrer noopener\" href=\"https:\/\/bibleetsciencediffusion.org\/index.php\/2021\/02\/14\/lettre-fauci\/\" target=\"_blank\">Lettre ouverte au Dr Fauci concernant l\u2019utilisation de l\u2019hydroxychloroquine &#8211; par George C. Fareed, Michael M. Jacobs et Donald Pompan<\/a>.<\/li><li><a rel=\"noreferrer noopener\" href=\"https:\/\/bibleetsciencediffusion.org\/index.php\/2021\/01\/24\/henrion-caude-interview\/\" target=\"_blank\">Covid-19 et vaccin : la g\u00e9n\u00e9ticienne Alexandra Henrion-Caude nous dit tout<\/a>.<\/li><li>Jean-Dominique Michel, \u00ab\u00a0<a rel=\"noreferrer noopener\" href=\"https:\/\/bibleetsciencediffusion.org\/index.php\/2020\/03\/26\/hydroxychloroquine-comment-la-mauvaise-science-est-devenue-une-religion\/\" target=\"_blank\">Hydroxychloroquine : comment la mauvaise science est devenue une religion<\/a>\u00ab\u00a0.<\/li><li>Jean-Dominique <a rel=\"noreferrer noopener\" href=\"https:\/\/bibleetsciencediffusion.org\/index.php\/2020\/06\/13\/lancetgate-ou-sciencegate-un-autre-revelateur-de-la-covid-19\/\" target=\"_blank\">Michel,\u00a0\u00bbLancetGate ou ScienceGate : un autre r\u00e9v\u00e9lateur de la Covid-19<\/a>\u00ab\u00a0.<\/li><li>Jean-Dominique Michel, \u00ab\u00a0<a rel=\"noreferrer noopener\" href=\"https:\/\/bibleetsciencediffusion.org\/index.php\/2020\/05\/11\/anatomie-et-enseignement-dun-desastre-par-jean-dominique-michel\/\" target=\"_blank\">Anatomie et enseignement d&rsquo;un d\u00e9sastre<\/a>\u00ab\u00a0.<\/li><li>David Klinghoffer, \u00ab\u00a0<a rel=\"noreferrer noopener\" href=\"https:\/\/bibleetsciencediffusion.org\/index.php\/2020\/06\/11\/le-scandale-du-papier-a-lhydroxychloroquine-de-lancet-illustre-la-partialite-scientifique-pas-seulement-en-medecine\/\" target=\"_blank\">Le scandale de l&rsquo;article sur l&rsquo;hydroxychloroquine du <\/a><em><a rel=\"noreferrer noopener\" href=\"https:\/\/bibleetsciencediffusion.org\/index.php\/2020\/06\/11\/le-scandale-du-papier-a-lhydroxychloroquine-de-lancet-illustre-la-partialite-scientifique-pas-seulement-en-medecine\/\" target=\"_blank\">Lancet<\/a><\/em><a rel=\"noreferrer noopener\" href=\"https:\/\/bibleetsciencediffusion.org\/index.php\/2020\/06\/11\/le-scandale-du-papier-a-lhydroxychloroquine-de-lancet-illustre-la-partialite-scientifique-pas-seulement-en-medecine\/\" target=\"_blank\"> illustre la partialit\u00e9 scientifique, et pas seulement en m\u00e9decine<\/a>\u00ab\u00a0.<\/li><li>Claude Rochet, \u00ab\u00a0<a rel=\"noreferrer noopener\" href=\"https:\/\/bibleetsciencediffusion.org\/index.php\/2020\/04\/21\/le-scientisme-notre-principal-probleme\/\" target=\"_blank\">Le scientisme, notre principal probl\u00e8me<\/a>\u00ab\u00a0.<\/li><li>Claude Rochet, \u00ab\u00a0<a rel=\"noreferrer noopener\" href=\"https:\/\/bibleetsciencediffusion.org\/index.php\/2020\/04\/02\/laffaire-chloroquine\/\" target=\"_blank\">L&rsquo;affaire Chloroquine<\/a>\u00ab\u00a0.<\/li><li>Evolution and News, \u00ab\u00a0<a rel=\"noreferrer noopener\" href=\"https:\/\/bibleetsciencediffusion.org\/index.php\/2020\/05\/21\/la-science-peut-perpetuer-des-mythes\/\" target=\"_blank\">La science peut perp\u00e9tuer des mythes<\/a>\u00ab\u00a0.<\/li><li><a rel=\"noreferrer noopener\" href=\"https:\/\/bibleetsciencediffusion.org\/index.php\/2020\/05\/29\/le-transhumanisme-et-la-doctrine-de-la-creation\/\" target=\"_blank\">Le transhumanisme et la doctrine de la cr\u00e9ation<\/a>.<\/li><li><a rel=\"noreferrer noopener\" href=\"https:\/\/bibleetsciencediffusion.org\/index.php\/2020\/04\/14\/lhomme-mutant-conference-deric-lemaitre\/\" target=\"_blank\">L\u2019homme mutant \u2013 conf\u00e9rence d\u2019Eric Lema\u00eetre.<\/a><\/li><li><a rel=\"noreferrer noopener\" href=\"https:\/\/bibleetsciencediffusion.org\/index.php\/produit\/la-deconstruction-de-lhomme-critique-du-systeme-technicien-deric-lemaitre\/\" target=\"_blank\">La d\u00e9construction de l\u2019Homme. Critique du Syst\u00e8me technicien d\u2019Eric Lema\u00eetre.<\/a><\/li><li><a rel=\"noreferrer noopener\" href=\"https:\/\/bibleetsciencediffusion.org\/index.php\/2020\/07\/09\/covid-19-une-defaite-francaise\/\" target=\"_blank\">Covid-19 : une d\u00e9faite fran\u00e7aise.<\/a><\/li><li><a rel=\"noreferrer noopener\" href=\"https:\/\/lumieremonde.wordpress.com\/2020\/04\/09\/id2020-et-ses-partenaires-lancent-un-programme-permettant-lidentification-numerique-avec-les-vaccins\/\" target=\"_blank\">ID2020 et ses partenaires lancent un programme permettant l&rsquo;identification num\u00e9rique avec les vaccins<\/a>.<\/li><li>Baxter Dmitry, \u00ab\u00a0<a rel=\"noreferrer noopener\" href=\"https:\/\/lumieremonde.wordpress.com\/2020\/05\/09\/bill-gates-et-les-rituels-sataniques-de-microsoft\/\" target=\"_blank\">Bill Gates et les rituels sataniques de Microsoft<\/a>\u00ab\u00a0.<\/li><li><em>News Punch<\/em>, 15 avril 2020. <a rel=\"noreferrer noopener\" href=\"https:\/\/lumieremonde.wordpress.com\/2020\/05\/10\/bill-gates-et-marina-abramovic-loccultisme-a-domicile\/\" target=\"_blank\">Bill Gates et Marina Abramovi\u0107 : l&rsquo;occultisme \u00e0 domicile<\/a>.<\/li><li>Eric Lema\u00eetre, \u00ab\u00a0<a rel=\"noreferrer noopener\" href=\"https:\/\/deconstructionhomme.com\/2019\/06\/15\/la-ville-digitalisee-la-tentation-de-babel\/\" target=\"_blank\">La ville digitalis\u00e9e, la tentation de Babel<\/a>\u00ab\u00a0. Deconstructionhomme.com, 15 juin 2019.<\/li><li>Eric Lema\u00eetre,\u00a0\u00bb<a rel=\"noreferrer noopener\" href=\"https:\/\/deconstructionhomme.com\/2018\/05\/24\/babylone-la-civilisation-du-nombre\/\" target=\"_blank\">Babylone, la civilisation du nombre<\/a>\u00ab\u00a0. Deconstructionhomme.com, 24 mai 2018.<\/li><li><a rel=\"noreferrer noopener\" href=\"https:\/\/lumieremonde.wordpress.com\/2020\/04\/08\/vaxxed-le-film-sur-les-vaccins-le-plus-censure-par-lindustrie-pharmaceutique-a-visionner-absolument\/\" target=\"_blank\">Vaxxed : le film sur les vaccins le plus censur\u00e9 par l&rsquo;industrie pharmaceutique, \u00e0 visionner absolument !<\/a><\/li><li>Jacques Duverger, \u00ab\u00a0<a rel=\"noreferrer noopener\" href=\"https:\/\/bibleetsciencediffusion.org\/index.php\/2020\/11\/13\/gavi-strategie-vaccinale-ou-strategie-politique\/\" target=\"_blank\">GAVI, strat\u00e9gie vaccinale ou strat\u00e9gie politique ?<\/a>\u00ab\u00a0<br>Jacques Duverger, \u00ab\u00a0<a rel=\"noreferrer noopener\" href=\"https:\/\/bibleetsciencediffusion.org\/index.php\/2020\/11\/13\/vaccinator-sortie-prochainement-en-france-par-jacques-duverger\/\" target=\"_blank\">Vaccinator, sortie prochainement en France<\/a>\u00ab\u00a0.<\/li><li>Jacques Duverger, \u00ab\u00a0<a rel=\"noreferrer noopener\" href=\"https:\/\/bibleetsciencediffusion.org\/index.php\/2020\/11\/13\/monsieur-vaccin-madame-contraception-et-le-pacte-des-gates-avec-le-deep-church\/\" target=\"_blank\">Monsieur Vaccin, Madame Contraception, et le Pacte de Gates avec la &lsquo;Deep Church&rsquo;<\/a>\u00ab\u00a0.<\/li><li>Jacques Duverger, \u00ab\u00a0<a rel=\"noreferrer noopener\" href=\"https:\/\/bibleetsciencediffusion.org\/index.php\/2020\/11\/13\/en-marche-vers-lhomme-immunologiquement-modifie\" target=\"_blank\">En Marche vers l&rsquo;homme immunologiquement modifi\u00e9<\/a>\u00ab\u00a0.<\/li><li><a rel=\"noreferrer noopener\" href=\"https:\/\/lumieremonde.wordpress.com\/2020\/12\/09\/mal-traites-covid-19-le-documentaire-choc\/\" target=\"_blank\">MAL TRAIT\u00c9S \u2013 Covid-19, le documentaire choc.<\/a><\/li><li><a rel=\"noreferrer noopener\" href=\"https:\/\/lumieremonde.wordpress.com\/2020\/05\/03\/le-veritable-programme-de-loms-un-nouvel-ordre-mondial-inspire-de-la-chine\/\" target=\"_blank\">Le v\u00e9ritable programme de l\u2019OMS : un nouvel ordre mondial inspir\u00e9 de la Chine.<\/a><\/li><li><a href=\"https:\/\/lumieremonde.wordpress.com\/2021\/03\/20\/des-dangers-dune-ideologie-sanitaire-par-ariane-bilheran\/\">Des dangers d\u2019une id\u00e9ologie sanitaire \u2013 par Ariane Bilheran<\/a>.<\/li><\/ul>\n","protected":false},"excerpt":{"rendered":"<p>Ce projet d\u2019\u00ab obligation \u00bb vaccinale contrevient \u00e0 la R\u00e9solution 2361 qui a \u00e9t\u00e9 adopt\u00e9e, le 27 janvier 2021, par le Conseil de l\u2019Europe sous le titre \u00ab Vaccins contre la covid-19 : consid\u00e9rations \u00e9thiques, juridiques et pratiques \u00bb. Il contrevient \u00e0 notamment l\u2019article 7.3.1. : \u00ab de s\u2019assurer que les citoyens et citoyennes sont inform\u00e9s que la vaccination n\u2019est PAS [\u00e9crit en MAJUSCULES dans le texte] obligatoire et que personne ne subit de pressions politiques, sociales ou autres pour se faire vacciner, s\u2019il ou elle ne souhaite pas le faire personnellement \u00bb ; et \u00e0 l\u2019article 7.3.2. : \u00ab de veiller \u00e0 ce que personne ne soit victime de discrimination pour ne pas avoir \u00e9t\u00e9 vaccin\u00e9, en raison de risques potentiels pour la sant\u00e9 ou pour ne pas vouloir se faire vacciner \u00bb.<\/p>\n","protected":false},"author":7,"featured_media":0,"comment_status":"open","ping_status":"open","sticky":false,"template":"","format":"standard","meta":{"jetpack_post_was_ever_published":false,"_jetpack_newsletter_access":"","_jetpack_dont_email_post_to_subs":false,"_jetpack_newsletter_tier_id":0,"_jetpack_memberships_contains_paywalled_content":false,"_jetpack_memberships_contains_paid_content":false,"footnotes":""},"categories":[137,286,298,27,29,287,237,21,366],"tags":[425,426,423,368,367],"class_list":["post-8811","post","type-post","status-publish","format-standard","hentry","category-articles","category-dignite-humaine-et-droits-de-lhomme","category-epidemiologie","category-genetique","category-medecine","category-politique","category-sante","category-sciences-de-la-vie","category-vaccins","tag-consentement-eclaire","tag-corps-humain","tag-obligation-vaccinale","tag-vaccination","tag-vaccins"],"jetpack_featured_media_url":"","jetpack_sharing_enabled":true,"jetpack_shortlink":"https:\/\/wp.me\/pbu0ZL-2i7","_links":{"self":[{"href":"https:\/\/bibleetsciencediffusion.org\/index.php\/wp-json\/wp\/v2\/posts\/8811","targetHints":{"allow":["GET"]}}],"collection":[{"href":"https:\/\/bibleetsciencediffusion.org\/index.php\/wp-json\/wp\/v2\/posts"}],"about":[{"href":"https:\/\/bibleetsciencediffusion.org\/index.php\/wp-json\/wp\/v2\/types\/post"}],"author":[{"embeddable":true,"href":"https:\/\/bibleetsciencediffusion.org\/index.php\/wp-json\/wp\/v2\/users\/7"}],"replies":[{"embeddable":true,"href":"https:\/\/bibleetsciencediffusion.org\/index.php\/wp-json\/wp\/v2\/comments?post=8811"}],"version-history":[{"count":12,"href":"https:\/\/bibleetsciencediffusion.org\/index.php\/wp-json\/wp\/v2\/posts\/8811\/revisions"}],"predecessor-version":[{"id":9116,"href":"https:\/\/bibleetsciencediffusion.org\/index.php\/wp-json\/wp\/v2\/posts\/8811\/revisions\/9116"}],"wp:attachment":[{"href":"https:\/\/bibleetsciencediffusion.org\/index.php\/wp-json\/wp\/v2\/media?parent=8811"}],"wp:term":[{"taxonomy":"category","embeddable":true,"href":"https:\/\/bibleetsciencediffusion.org\/index.php\/wp-json\/wp\/v2\/categories?post=8811"},{"taxonomy":"post_tag","embeddable":true,"href":"https:\/\/bibleetsciencediffusion.org\/index.php\/wp-json\/wp\/v2\/tags?post=8811"}],"curies":[{"name":"wp","href":"https:\/\/api.w.org\/{rel}","templated":true}]}}