{"id":9020,"date":"2021-06-01T11:44:33","date_gmt":"2021-06-01T09:44:33","guid":{"rendered":"https:\/\/bibleetsciencediffusion.org\/index.php\/2021\/05\/09\/lafp-epinglee-une-nouvelle-fois-pour-publication-dinformations-inexactes-sur-le-vaccin\/"},"modified":"2021-07-25T19:34:55","modified_gmt":"2021-07-25T17:34:55","slug":"afp-fakenews","status":"publish","type":"post","link":"https:\/\/bibleetsciencediffusion.org\/index.php\/2021\/06\/01\/afp-fakenews\/","title":{"rendered":"L\u2019AFP \u00e9pingl\u00e9e une nouvelle fois pour publication d\u2019informations inexactes sur le vaccin"},"content":{"rendered":"\n<h4 class=\"wp-block-heading\"><em>B&amp;SD :<\/em> La tribune ci-dessous du Dr Amine UMLIL fait suite \u00e0 trois lettres ouvertes du m\u00eame auteur que nous avons publi\u00e9es sur notre site : la <a rel=\"noreferrer noopener\" href=\"https:\/\/bibleetsciencediffusion.org\/index.php\/2021\/03\/12\/covid-19-projet-de-vaccination-obligatoire-des-soignants-lettre-ouverte-au-ministre-des-solidarites-et-de-la-sante-par-le-dr-amine-umlil\/\" target=\"_blank\">premi\u00e8re<\/a> \u00e9tait adress\u00e9e au Ministre des solidarit\u00e9s et de la sant\u00e9, M. Olivier VERAN, et l&rsquo;interpellait sur l&rsquo;ill\u00e9galit\u00e9 du projet de vaccination obligatoire, lettre rest\u00e9e sans r\u00e9ponse ; la <a rel=\"noreferrer noopener\" href=\"https:\/\/bibleetsciencediffusion.org\/index.php\/2021\/03\/20\/duel-televise-umlil\/\" target=\"_blank\">seconde<\/a> invitait son contradicteur, le Dr Jean-Michel DEBARRE, \u00e0 un d\u00e9bat t\u00e9l\u00e9vis\u00e9 public \u00e0 une heure de grande \u00e9coute. Cette seconde est \u00e9galement rest\u00e9e sans r\u00e9ponse et n&rsquo;a m\u00eame pas, du reste, \u00e9t\u00e9 relay\u00e9e par le <em>Courrier de l&rsquo;Ouest<\/em>, comme s&rsquo;il y avait une volont\u00e9 manifeste d&rsquo;enterrer \u00e0 tout prix le d\u00e9bat scientifique et de faire taire les voix dissidentes courageuses. En tout \u00e9tat de cause, il est certain qu<strong>&lsquo;un refus de d\u00e9battre publiquement<\/strong>\u00a0peut \u00eatre interpr\u00e9t\u00e9, comme l&rsquo;\u00e9crit le Dr UMLIL, \u00ab\u00a0comme une reconnaissance du bien-fond\u00e9 de l\u2019int\u00e9gralit\u00e9 de [m]ses r\u00e9flexions publi\u00e9es\u00a0\u00bb. La <a rel=\"noreferrer noopener\" href=\"https:\/\/bibleetsciencediffusion.org\/index.php\/2021\/05\/13\/8908\/\" target=\"_blank\">troisi\u00e8me lettre ouverte<\/a> adress\u00e9e \u00e0 la direction du centre hospitalier de Cholet marquait une \u00e9tape suppl\u00e9mentaire dans le combat du Dr UMLIL pour faire triompher la science, la raison et le droit contre la pseudo-science, la folie, les conflits d&rsquo;int\u00e9r\u00eat et collusions entre les groupes pharmaceutiques, le monde politique et les organismes de sant\u00e9 publique, et les mensonges. Il y r\u00e9v\u00e9lait les jacasseries, pu\u00e9rilit\u00e9s et mesquineries d&rsquo;un directeur d&rsquo;h\u00f4pital davantage effray\u00e9 par les insinuations de \u00ab\u00a0complotisme\u00a0\u00bb d&rsquo;un critique anonyme sur Twitter que par les avertissements d&rsquo;un scientifique professionnel qualifi\u00e9 au sujet de l&rsquo;ill\u00e9galit\u00e9 de l&rsquo;obligation vaccinale et des effets ind\u00e9sirables potentiels des vaccins. Il y r\u00e9v\u00e9lait de savoureux d\u00e9tails sur des pratiques inimaginables dans un \u00e9tablissement hospitalier qui datent d&rsquo;une \u00e9poque r\u00e9volue et montrent les dessous de la \u00ab\u00a0science\u00a0\u00bb officielle. Dans la tribune ci-dessous, le Dr UMLIL d\u00e9construit la propagande de l&rsquo;agence de presse AFP et montre, au passage, la mani\u00e8re de faire de nos journalistes : faits escamot\u00e9s, dissimul\u00e9s, distordus, attaques <em>ad hominen<\/em>, absence de transparence, absence de culture du d\u00e9bat courtois et honn\u00eate, lynchage des scientifiques rigoureux par l\u00e2chet\u00e9 et affiliation politique. Avec cette tribune, est mis en lumi\u00e8re de mani\u00e8re magistrale et compl\u00e8te le dysfonctionnement et de la science et de notre d\u00e9mocratie dont les organes de presse ne jouent plus leur r\u00f4le d&rsquo;information, mais se contentent de se comporter comme une caisse de r\u00e9sonance des fausses informations. <\/h4>\n\n\n\n<hr class=\"wp-block-separator\"\/>\n\n\n\n<p>Par FranceSoir<\/p>\n\n\n\n<h4 class=\"wp-block-heading\">8 mai 2021 : Une tribune publi\u00e9e par le Dr Umlil du CTIAP de Cholet d\u00e9montre ce jour comment l\u2019Agence France Presse (AFP) et AFP Factuel publient des informations inexactes sur le vaccin. L\u2019article de v\u00e9rification de l\u2019AFP qui attaquait le CTIAP n\u00e9cessite rectification.<\/h4>\n\n\n\n<hr class=\"wp-block-separator\"\/>\n\n\n\n<p>La d\u00e9sinformation de l&rsquo;AFP et&nbsp;de <a rel=\"noreferrer noopener\" href=\"https:\/\/www.francesoir.fr\/societe-sante\/liberation-desinformation-sur-les-vaccins-contraire-la-loi-epingle-par-le-blog-du\" target=\"_blank\">Lib\u00e9ration<\/a>&nbsp;devient de plus en plus courante, surtout sur des sujets aussi sensibles que les traitements m\u00e9dicaux qui demandent une sp\u00e9cialit\u00e9 \u2013 les attaques effectu\u00e9es par ces services de v\u00e9rification tarif\u00e9s (c\u2019est-\u00e0-dire pay\u00e9s par des tiers comme par exemple, entre autres, Facebook et Lib\u00e9ration) contribuent \u00e0 la d\u00e9sinformation car ces services se pr\u00e9sentent en \u00ab&nbsp;gardiens de la v\u00e9rit\u00e9&nbsp;\u00bb, portant atteinte de mani\u00e8re outranci\u00e8res aux scientifiques sans que ces derniers ne soient contact\u00e9s. Ils n\u2019h\u00e9sitent pas non plus \u00e0 coller des \u00e9tiquettes sur ces chercheurs alors que le principe de la science est d\u2019engager un d\u00e9bat, une dialectique, un \u00ab\u00a0processus it\u00e9ratif\u00a0\u00bb&nbsp;<a rel=\"noreferrer noopener\" href=\"https:\/\/www.francesoir.fr\/videos-le-defi-de-la-verite\/guy-courtois-la-pensee-complexe\" target=\"_blank\">comme le rappelait Guy Courtois<\/a>&nbsp;dans son \u00ab\u00a0Entretien essentiel\u00a0\u00bb. Ces m\u00e9thodes, dignes d\u2019une autre \u00e9poque s\u2019apparentent \u00e0 du contr\u00f4le de l\u2019information, mais quand elles s\u2019adressent \u00e0 des publications m\u00e9dicales, un mot vient \u00e0 l\u2019esprit&nbsp;: charlatanisme. Le charlatan est celui qui \u00ab\u00a0pr\u00e9tend de mani\u00e8re frauduleuse ou par ignorance disposer de comp\u00e9tences m\u00e9dicales&nbsp;ou une personne qui pr\u00e9tend, professionnellement ou publiquement, poss\u00e9der des comp\u00e9tences, des connaissances, des qualifications qu&rsquo;elle ne poss\u00e8de pas\u00a0\u00bb. De mani\u00e8re plus g\u00e9n\u00e9rale, le charlatan pratique l&rsquo;imposture, gr\u00e2ce \u00e0 des&nbsp;trucages, des d\u00e9formations de la r\u00e9alit\u00e9, en vue de gagner sa confiance, g\u00e9n\u00e9ralement&nbsp;<strong>pour obtenir de l&rsquo;argent (tarification du journal ou du service) ou tout autre avantage (aide de l\u2019\u00c9tat&nbsp;?)<\/strong><\/p>\n\n\n\n<p>Nous publions avec l\u2019accord du Dr Umlil cette v\u00e9rification sous forme de tribune.<\/p>\n\n\n\n<hr class=\"wp-block-separator\"\/>\n\n\n\n<h2 class=\"wp-block-heading\"><strong>Historique<\/strong><\/h2>\n\n\n\n<p>Le 1er&nbsp;mai 2021, le CTIAP (centre territorial d\u2019information ind\u00e9pendante et d\u2019avis pharmaceutiques) du centre hospitalier de Cholet publie un article intitul\u00e9&nbsp;:&nbsp;\u00ab&nbsp;<a rel=\"noreferrer noopener\" href=\"http:\/\/ctiapchcholet.blogspot.com\/2021\/05\/vaccins-contre-la-covid-19-declaration.html\" target=\"_blank\">Vaccins contre la Covid-19. D\u00e9claration des effets ind\u00e9sirables en pharmacovigilance&nbsp;: la n\u00e9cessaire rectification des affirmations \u00ab&nbsp;inexactes&nbsp;\u00bb (contraires \u00e0 la \u00ab&nbsp;loi&nbsp;\u00bb) diffus\u00e9es par le journal \u00ab&nbsp;Lib\u00e9ration \u2013 CheckNews&nbsp;\u00bb<\/a><strong>&nbsp;\u00bb<\/strong>.<\/p>\n\n\n\n<p>Trois jours plus tard, soit le 4 mai 2021, le CTIAP publie un nouvel article sous le titre&nbsp;:&nbsp;\u00ab&nbsp;<a href=\"http:\/\/ctiapchcholet.blogspot.com\/2021\/05\/vaccins-contre-la-covid-19-nouvelles.html\" target=\"_blank\" rel=\"noreferrer noopener\">Vaccins contre la Covid-19. Nouvelles \u00ab&nbsp;attaques&nbsp;\u00bb contre le CTIAP&nbsp;: Monsieur Raphael GRABLY (\u00ab&nbsp;Chef de service tech @BFMTV&nbsp;\u00bb) diffuse, publiquement, des informations \u00ab&nbsp;inexactes&nbsp;\u00bb de la Direction du centre hospitalier de Cholet<\/a>&nbsp;\u00bb.&nbsp;<\/p>\n\n\n\n<p>Ce Monsieur Raphael GRABLY, lui au moins, avait l\u2019\u00e9l\u00e9gance de me mettre en copie de son message diffus\u00e9 sur Twitter. Alors que&nbsp;<strong>l\u2019\u00ab&nbsp;Agence France Presse (AFP) \u2013 Factuel&nbsp;\u00bb&nbsp;et l\u2019\u00ab&nbsp;AFP&nbsp;\u00bb<\/strong>&nbsp;publient un article&nbsp;<strong>me ciblant<\/strong>&nbsp;ainsi que le CTIAP&nbsp;;<strong>&nbsp;sans m\u00eame m\u2019en informer<\/strong>. Cette&nbsp;\u00ab&nbsp;AFP \u2013 Factuel&nbsp;\u00bb&nbsp;(avec ses&nbsp;<strong>\u00ab 130K Abonn\u00e9s \u00bb<\/strong>)&nbsp;et&nbsp;\u00ab&nbsp;AFP&nbsp;\u00bb&nbsp;(aux&nbsp;<strong>\u00ab 3,6M Abonn\u00e9s \u00bb<\/strong>)&nbsp;&nbsp;ne semblent pas attach\u00e9es au d\u00e9bat public, contradictoire et utile.<\/p>\n\n\n\n<p>En effet, hier, vendredi 7 mai 2021, je d\u00e9couvre, par hasard, un article publi\u00e9 par ces&nbsp;\u00ab&nbsp;AFP \u2013 Factuel&nbsp;\u00bb&nbsp;et&nbsp;\u00ab&nbsp;AFP&nbsp;\u00bb&nbsp;sous le titre&nbsp;<strong>\u00ab&nbsp;<\/strong><strong><a rel=\"noreferrer noopener\" href=\"https:\/\/factuel.afp.com\/les-vaccins-sont-bien-efficaces-contre-les-formes-graves-du-covid\" target=\"_blank\">Les vaccins sont bien efficaces contre les formes graves du Covid<\/a><\/strong><strong>&nbsp;\u00bb<\/strong>. Cet article est publi\u00e9 le 5 mai 2021&nbsp;; et mis \u00e0 jour le 6 mai 2021. Ce 7 mai 2021, cet article est tweet\u00e9 par l\u2019\u00ab&nbsp;AFP \u2013 Factuel&nbsp;\u00bb&nbsp;; puis retweet\u00e9 par l\u2019\u00ab&nbsp;AFP&nbsp;\u00bb. Or, dans cet article,&nbsp;je suis d\u00e9sign\u00e9 de fa\u00e7on nominative&nbsp;ainsi que le&nbsp;CTIAP. Et pourtant,&nbsp;les journalistes de ces&nbsp;\u00ab&nbsp;AFP \u2013 Factuel&nbsp;\u00bb&nbsp;et&nbsp;\u00ab&nbsp;AFP&nbsp;\u00bb&nbsp;ne m\u2019ont jamais contact\u00e9 avant&nbsp;la publication de cet article. Ils ne&nbsp;m\u2019ont pas inform\u00e9, non plus,&nbsp;de sa parution.<\/p>\n\n\n\n<p>Ces journalistes m\u2019ont r\u00e9serv\u00e9 notamment un paragraphe intitul\u00e9&nbsp;<strong>\u00ab&nbsp;Qui est Amine Umlil&nbsp;?&nbsp;\u00bb<\/strong>. Tout&nbsp;en omettant&nbsp;d\u2019indiquer un&nbsp;lien&nbsp;vers un extrait de mon&nbsp;<strong><a rel=\"noreferrer noopener\" href=\"http:\/\/ctiapchcholet.blogspot.com\/p\/a-propos-de-lauteur.html\" target=\"_blank\">Curriculum vitae<\/a><\/strong>&nbsp;(C.V.) Pourtant, ce dernier est disponible sur le site du CTIAP&nbsp;; ils ne peuvent donc l\u2019ignorer. Ce (C.V.) avec une&nbsp;<strong>double comp\u00e9tence<\/strong>&nbsp;serait, peut-\u00eatre, un peu long pour eux (elles).<\/p>\n\n\n\n<p>Cet article de l\u2019\u00ab&nbsp;AFP \u2013 Factuel&nbsp;\u00bb&nbsp;et de l\u2019\u00ab&nbsp;AFP&nbsp;\u00bb&nbsp;appellent&nbsp;<strong>une n\u00e9cessaire rectification<\/strong>&nbsp;des informations, pour le moins,&nbsp;<strong>\u00ab&nbsp;inexactes&nbsp;\u00bb<\/strong>&nbsp;qui sont diffus\u00e9es par ces journalistes.&nbsp;Il y a lieu de r\u00e9pondre, de fa\u00e7on circonstanci\u00e9e et en urgence, \u00e0 ces journalistes de l\u2019\u00ab&nbsp;AFP -Factuel&nbsp;\u00bb&nbsp;et de l\u2019&nbsp;\u00ab&nbsp;AFP&nbsp;\u00bb&nbsp;en rappelant les faits, non exhaustifs, suivants.<\/p>\n\n\n\n<h2 class=\"wp-block-heading\"><strong>Discussion<\/strong><\/h2>\n\n\n\n<p>\u00c0 titre liminaire, il y a lieu d\u2019observer que ces&nbsp;journalistes&nbsp;ne contestent&nbsp;qu\u2019un seul point&nbsp;malgr\u00e9 les nombreux articles du CTIAP portant sur ces vaccins contre la Covid-19. Leur contestation concerne le point relatif \u00e0&nbsp;l\u2019efficacit\u00e9&nbsp;de ces vaccins contre les formes&nbsp;\u00ab&nbsp;graves&nbsp;\u00bb&nbsp;de la Covid-19.<\/p>\n\n\n\n<p>Ces journalistes affirment :&nbsp;\u00ab&nbsp;Des publications tr\u00e8s partag\u00e9es sur internet affirment que&nbsp;l\u2019efficacit\u00e9&nbsp;des vaccins contre les formes&nbsp;graves&nbsp;du Covid-19&nbsp;n\u2019est pas d\u00e9montr\u00e9e. Cette affirmation, r\u00e9p\u00e9t\u00e9e&nbsp;notamment&nbsp;par un pharmacien hospitalier de Cholet, est&nbsp;trompeuse. L\u2019efficacit\u00e9 contre les formes&nbsp;s\u00e9v\u00e8res&nbsp;\u2013 d\u00e9j\u00e0 fortement&nbsp;sugg\u00e9r\u00e9e&nbsp;dans les r\u00e9sultats des essais cliniques \u2013 s\u2019est&nbsp;v\u00e9rifi\u00e9e depuis le d\u00e9but&nbsp;des campagnes de vaccination dans le monde, comme l\u2019ont expliqu\u00e9 des&nbsp;expertes&nbsp;\u00e0 l\u2019AFP et d\u2019apr\u00e8s plusieurs \u00e9tudes.&nbsp;\u00bb<\/p>\n\n\n\n<p>Si tel \u00e9tait le cas,&nbsp;<strong>pourquoi aucune autorit\u00e9&nbsp;<\/strong><strong><em>ad hoc<\/em><\/strong><strong>&nbsp;n\u2019a jug\u00e9 utile de me contredire<\/strong>&nbsp;?&nbsp;<\/p>\n\n\n\n<p>Manifestement, je ne suis pas le seul \u00e0 affirmer cette absence de preuve puisque ces journalistes utilisent le terme de&nbsp;\u00ab&nbsp;notamment&nbsp;\u00bb. Et, ils ont raison.<\/p>\n\n\n\n<p><strong>Car, en r\u00e9alit\u00e9<\/strong>, ces journalistes oublient de mentionner notamment les affirmations que&nbsp;Monsieur le Ministre des solidarit\u00e9s et de la sant\u00e9&nbsp;a tenues lors de la conf\u00e9rence de presse en date du&nbsp;18 f\u00e9vrier 2021. Monsieur&nbsp;Olivier V\u00c9RAN, lui-m\u00eame, a avou\u00e9 ceci&nbsp;:&nbsp;\u00ab&nbsp;(\u2026) j\u2019ai dit tout \u00e0 l\u2019heure dans mon intervention&nbsp;qu\u2019on serait bient\u00f4t&nbsp;en mesure de dire&nbsp;si la vaccination&nbsp;en EHPAD [\u00e9tablissements d\u2019h\u00e9bergement de personnes \u00e2g\u00e9es d\u00e9pendantes]&nbsp;permet d\u2019\u00e9viter les formes graves, d\u2019\u00e9viter les hospitalisations.&nbsp;Quand&nbsp;nous aurons ces donn\u00e9es&nbsp;fiables&nbsp;;&nbsp;aucun pays europ\u00e9en encore ne dispose de donn\u00e9es publi\u00e9es fiables&nbsp;de ce point de vue-l\u00e0. J\u2019esp\u00e8re, comme vous, j\u2019imagine, puisque vous me posez la question et comme les 700&nbsp;000 r\u00e9sidents en EHPAD et toutes leurs familles, que nous pourrons lever davantage les&nbsp;contraintes sanitaires&nbsp;qu\u2019ils subissent depuis maintenant un an.&nbsp;\u00bb<\/p>\n\n\n\n<p>Le&nbsp;<strong>lien vers cette conf\u00e9rence de presse<\/strong>&nbsp;est pourtant disponible, depuis au moins le 4 mars 2021, sur le site du CTIAP dans l\u2019article intitul\u00e9&nbsp;<strong>\u00ab&nbsp;<\/strong><a href=\"http:\/\/ctiapchcholet.blogspot.com\/2021\/03\/efficacite-des-vaccins-contre-la-covid.html\" target=\"_blank\" rel=\"noreferrer noopener\">Efficacit\u00e9 des vaccins contre la Covid-19&nbsp;: le Conseil d\u2019\u00c9tat rel\u00e8ve les contradictions de l\u2019\u00ab&nbsp;administration&nbsp;\u00bb fran\u00e7aise&nbsp;\u00bb<\/a>.<\/p>\n\n\n\n<p>Ces journalistes oublient de mentionner aussi les&nbsp;<strong><a rel=\"noreferrer noopener\" href=\"https:\/\/www.hcsp.fr\/explore.cgi\/avisrapportsdomaine?clefr=1006\" target=\"_blank\">conclusions<\/a><\/strong>&nbsp;de l\u2019avis rendu, le 11 avril 2021, par le Haut conseil de la sant\u00e9 publique (HCSP) sous le titre&nbsp;<strong>\u00ab&nbsp;Avis relatif \u00e0 l\u2019adaptation des conduites \u00e0 tenir et des recommandations pour les personnes ayant b\u00e9n\u00e9fici\u00e9 d\u2019un sch\u00e9ma vaccinal complet contre le Covid-19&nbsp;\u00bb<\/strong>. Ce document, publi\u00e9, le&nbsp;25 avril 2021,&nbsp;<strong>\u00ab&nbsp;recommande, pour les personnes ayant b\u00e9n\u00e9fici\u00e9 d\u2019un&nbsp;sch\u00e9ma vaccinal complet&nbsp;\u00bb<\/strong>&nbsp;notamment ceci&nbsp;:&nbsp;\u00ab&nbsp;Dans un cadre priv\u00e9 familial ou amical en milieu int\u00e9rieur ferm\u00e9&nbsp;: Que toutes les personnes r\u00e9unies puissent ne pas porter de masque si elles ont toutes b\u00e9n\u00e9fici\u00e9 d\u2019un sch\u00e9ma vaccinal complet et&nbsp;\u00e0 condition de respecter les autres mesures barri\u00e8res&nbsp;: hygi\u00e8ne des mains, distance interindividuelle, a\u00e9ration et limitation \u00e0 6 du nombre de personnes. Cette recommandation<strong>&nbsp;ne s\u2019applique pas<\/strong>,&nbsp;<strong>d\u00e8s lors que<\/strong>&nbsp;l\u2019un des membres&nbsp; <strong>pr\u00e9sente un facteur de risque de formes&nbsp;graves<\/strong>&nbsp;(\u00e2ge, comorbidit\u00e9).&nbsp;\u00bb<\/p>\n\n\n\n<p><strong>Si r\u00e9ellement<\/strong>&nbsp;ces&nbsp;\u00ab&nbsp;vaccins sont bien efficaces contre les formes graves du Covid&nbsp;\u00bb, comme l\u2019affirment ces journalistes de l\u2019\u00ab&nbsp;AFP -Factuel&nbsp;\u00bb&nbsp;et de l\u2019\u00ab&nbsp;AFP&nbsp;\u00bb,&nbsp;<strong>pourquoi alors<\/strong>&nbsp;ce HCSP&nbsp;exige-t-il de maintenir&nbsp;toutes ces autres&nbsp;mesures barri\u00e8res&nbsp;;&nbsp;<strong>et surtout pourquoi<\/strong>&nbsp;met-il fin \u00e0 cette recommandation&nbsp;(\u00ab&nbsp;ne pas porter de masque&nbsp;\u00bb)&nbsp;d\u00e8s lors&nbsp;que l\u2019un de ces membres&nbsp;pr\u00e9sente un facteur de risque de forme&nbsp;\u00ab&nbsp;grave&nbsp;\u00bb&nbsp;? Et alors m\u00eame que ce m\u00eame HCSP semble prendre en compte cette soi-disant efficacit\u00e9 sur les formes&nbsp;\u00ab&nbsp;graves \u00bb&nbsp;dans une&nbsp;\u00ab position d&rsquo;espoir&#8230; \u00bb,&nbsp;pr\u00e9cise-t-il.&nbsp;Mais, nous ne sommes plus \u00e0 une contradiction pr\u00e8s ; comme cela est d\u00e9montr\u00e9 dans la&nbsp;<strong><a rel=\"noreferrer noopener\" href=\"http:\/\/ctiapchcholet.blogspot.com\/2021\/04\/conference-sur-francesoir-huitieme.html\" target=\"_blank\">huiti\u00e8me conf\u00e9rence du CTIAP<\/a><\/strong>&nbsp;tenue le 27 avril 2021.<\/p>\n\n\n\n<p>Ces journalistes de l\u2019\u00ab&nbsp;AFP-Factuel&nbsp;\u00bb&nbsp; et de l\u2019\u00ab&nbsp;AFP&nbsp;\u00bb&nbsp;s\u2019appuient notamment sur une&nbsp;\u00ab&nbsp;\u00e9tude publi\u00e9e le&nbsp;19 avril&nbsp;dans la revue <em>Nature<\/em> <em>Medecine<\/em> et portant aussi sur&nbsp;<strong>Isra\u00ebl&nbsp;<\/strong>\u00bb&nbsp;en expliquant que cette \u00e9tude&nbsp;\u00ab&nbsp;rel\u00e8ve une baisse des hospitalisations \u00ab\u00a0s\u00e9v\u00e8res\u00a0\u00bb quelques semaines apr\u00e8s le d\u00e9but de la vaccination, qu\u2019elle impute pour l\u2019essentiel \u00e0 la campagne de vaccins&nbsp;\u00bb. Et curieusement, ils&nbsp;ajoutent&nbsp;ceci&nbsp;:&nbsp;<strong>\u00ab&nbsp;le pays a&nbsp;aussi&nbsp;connu un confinement&nbsp;\u00bb<\/strong>. Comment alors juger de l\u2019efficacit\u00e9 de cette vaccination si, en m\u00eame temps, ce pays a confin\u00e9 sa population&nbsp;? Ladite efficacit\u00e9 pourrait \u00eatre due soit \u00e0 cette vaccination, soit \u00e0 ce confinement, soit \u00e0 la combinaison de ces deux mesures, soit au hasard.<\/p>\n\n\n\n<p>Ces journalistes de l\u2019\u00ab&nbsp;AFP-Factuel&nbsp;\u00bb et de l\u2019\u00ab&nbsp;AFP&nbsp;\u00bb&nbsp;osent m\u00eame se fonder sur une&nbsp;\u00ab&nbsp;\u00e9tude r\u00e9alis\u00e9e en&nbsp; <strong>Angleterre<\/strong>&nbsp;et mise en ligne le&nbsp;2 mars&nbsp;\u00bb. Tout en nous indiquant que cette \u00e9tude n\u2019est&nbsp;<strong>\u00ab&nbsp;pas encore publi\u00e9e dans une revue scientifique&nbsp;\u00bb<\/strong>. Deux mois apr\u00e8s, elle n&rsquo;est toujours pas publi\u00e9e alors que la question est importante.<\/p>\n\n\n\n<p>Ces journalistes s\u2019appuient aussi sur les&nbsp;<strong>\u00ab&nbsp;expertes&nbsp;\u00bb<\/strong>&nbsp;de notamment la Haute autorit\u00e9 de sant\u00e9 (HAS) et de l\u2019Agence nationale de s\u00e9curit\u00e9 du m\u00e9dicament (ANSM).<\/p>\n\n\n\n<p>Pourtant, d\u00e8s le 23 d\u00e9cembre 2020, cette HAS soutient&nbsp;:&nbsp;\u00ab&nbsp;A ce stade, les donn\u00e9es&nbsp;<strong>ne permettent pas de confirmer l\u2019impact de la vaccination<\/strong>&nbsp;par le BNT162b2 [vaccin Comirnaty\u00b0 des laboratoires BioNTech &#8211; Pfizer]&nbsp;<strong>sur les hospitalisations<\/strong>, les hospitalisations&nbsp;<strong>en unit\u00e9 de soins intensifs<\/strong>, ni de d\u00e9montrer un impact&nbsp;<strong>sur la mortalit\u00e9<\/strong>.&nbsp;\u00bb&nbsp;Ces crit\u00e8res \u00e9tant ceux de la&nbsp;gravit\u00e9. Puis, cette HAS ajoute&nbsp;:&nbsp;\u00ab&nbsp;Il est toutefois not\u00e9 un effet sur&nbsp;l\u2019incidence&nbsp;des formes s\u00e9v\u00e8res (efficacit\u00e9 de 88,9 % [IC95% = (20,1&nbsp;; 97,7)]&nbsp;\u00bb. La man\u0153uvre semble subtile pour les non sp\u00e9cialistes&nbsp;: ces derniers risquent de ne lire que le chiffre de&nbsp;\u00ab&nbsp;88,9 %&nbsp;\u00bb&nbsp;sans s\u2019interroger sur ce qu\u2019est cet&nbsp;<strong>intervalle de confiance<\/strong>&nbsp;([IC95% = (20,1&nbsp;; 97,7)])&nbsp;qui est donn\u00e9 \u00e0 c\u00f4t\u00e9 de ce chiffre. De fa\u00e7on r\u00e9sum\u00e9e, plus cet intervalle est large, plus&nbsp;<strong>l\u2019incertitude est grande<\/strong>, plus le r\u00e9sultat&nbsp;<strong>ne peut \u00eatre interpr\u00e9t\u00e9 de fa\u00e7on s\u00e9rieuse<\/strong>.<\/p>\n\n\n\n<p>D\u2019ailleurs, ces journalistes de l\u2019\u00ab&nbsp;AFP-Factuel&nbsp;\u00bb&nbsp;et de l\u2019\u00ab&nbsp;AFP&nbsp;\u00bb&nbsp;citent plusieurs chiffres&nbsp;<strong>sans accompagner<\/strong>&nbsp;ces derniers des&nbsp;<strong>n\u00e9cessaires intervalles de confiance<\/strong>. Deux&nbsp;<strong>premi\u00e8res formations<\/strong>&nbsp;peuvent donc leur \u00eatre propos\u00e9es&nbsp;:<\/p>\n\n\n\n<p>1. La premi\u00e8re est celle dispens\u00e9e, le 17 d\u00e9cembre 2020 par le CTIAP, lors de la&nbsp;<strong>septi\u00e8me r\u00e9union d\u2019information ind\u00e9pendante<\/strong>&nbsp; destin\u00e9e au public&nbsp;; qui a \u00e9t\u00e9 diffus\u00e9e, en direct, par notamment la T\u00e9l\u00e9vision Locale du Choletais (<strong><a rel=\"noreferrer noopener\" href=\"http:\/\/ctiapchcholet.blogspot.com\/2020\/12\/vaccin-contre-la-covid-19-ce-que-la.html\" target=\"_blank\">TCL<\/a><\/strong>) sous le titre&nbsp;<strong>\u00ab Vaccin contre la Covid-19 : ce que la population devrait savoir \u00bb<\/strong>.<\/p>\n\n\n\n<p>2. La deuxi\u00e8me est venue confirmer la premi\u00e8re. Elle est l\u2019\u0153uvre de <strong>Madame Christine COTTON<\/strong>,&nbsp;<strong>une biostatisticienne<\/strong>&nbsp;qui a exerc\u00e9 pour l\u2019industrie pharmaceutique pendant plusieurs ann\u00e9es. Elle a propos\u00e9 une analyse des donn\u00e9es <strong>concordante<\/strong>&nbsp; avec celle livr\u00e9e le 17 d\u00e9cembre 2020 par mes soins. Son analyse a \u00e9t\u00e9 diffus\u00e9e, le 8 avril 2021, par le journal&nbsp;FranceSoir&nbsp;sous le titre <strong><a rel=\"noreferrer noopener\" href=\"https:\/\/www.francesoir.fr\/videos-les-debriefings\/debriefing-de-christine-cotton-expertise-des-resultats-des-essais-des-4\" target=\"_blank\">\u00ab Christine COTTON : expertise des r\u00e9sultats des essais des quatre vaccins \u00bb<\/a><\/strong>. Et comme le r\u00e9v\u00e8le l\u2019extrait de mon C. V. qui a \u00e9t\u00e9 occult\u00e9 par ces journalistes, je suis \u00e9galement titulaire de plusieurs dipl\u00f4mes dont un&nbsp;Dipl\u00f4me interuniversitaire de statistique appliqu\u00e9e \u00e0 la m\u00e9decine, option biologie.<\/p>\n\n\n\n<p>Comme j\u2019ai pu d\u00e9j\u00e0 le soutenir, et eu \u00e9gard \u00e0 mon devoir de pharmacien, je consid\u00e8re que les&nbsp; <strong>recommandations<\/strong>&nbsp;de cette&nbsp;<strong>HAS<\/strong>&nbsp;(haute autorit\u00e9 de sant\u00e9) et de cette&nbsp;<strong>ANSM<\/strong>&nbsp;(agence nationale de s\u00e9curit\u00e9 du m\u00e9dicament) sont&nbsp;<strong>pr\u00e9sum\u00e9es<\/strong>&nbsp;conformes aux&nbsp;<strong>\u00ab&nbsp;donn\u00e9es acquises de la science&nbsp;\u00bb<\/strong>. Mais que cette pr\u00e9somption est&nbsp;<strong>simple<\/strong>&nbsp;: elle n\u2019est pas irr\u00e9fragable. Autrement dit, je peux renverser ces recommandations par une&nbsp;<strong>preuve contraire<\/strong>.<\/p>\n\n\n\n<p>D\u2019ailleurs, dans le cadre de ces vaccins contre la Covid-19 notamment, cette HAS et cette ANSM&nbsp;<strong>n\u2019ont pas h\u00e9sit\u00e9<\/strong>&nbsp;\u00e0 formuler, publiquement, des recommandations qui&nbsp;<strong>incitent <\/strong>au&nbsp;<strong>\u00ab&nbsp;m\u00e9susage&nbsp;\u00bb&nbsp;de ces vaccins<\/strong>. Certaines de ces recommandations ont \u00e9t\u00e9&nbsp;<strong>rejet\u00e9es<\/strong>, et ce publiquement, par le&nbsp;Ministre des solidarit\u00e9s et de la sant\u00e9, lui-m\u00eame. Ce&nbsp;<strong>\u00ab&nbsp;m\u00e9susage&nbsp;\u00bb<\/strong>&nbsp;est d\u00e9fini ainsi par le Code de la sant\u00e9 publique&nbsp;:&nbsp;\u00ab&nbsp;une utilisation&nbsp;<strong>intentionnelle et inappropri\u00e9e<\/strong>&nbsp;d\u2019un m\u00e9dicament ou d\u2019un produit,&nbsp;<strong>non conforme&nbsp;<\/strong>\u00e0 l\u2019autorisation de mise sur le march\u00e9 ou \u00e0 l\u2019enregistrement ainsi qu\u2019aux recommandations de bonnes pratiques&nbsp;\u00bb&nbsp;(article R.5121-152 du Code de la sant\u00e9 publique.)<\/p>\n\n\n\n<p>Lesdits journalistes de l\u2019\u00ab&nbsp;AFP-Factuel&nbsp;\u00bb&nbsp;et de l\u2019\u00ab&nbsp;AFP&nbsp;\u00bb peuvent prendre connaissance de plusieurs exemples&nbsp;mettant en \u00e9vidence les&nbsp;<strong>injonctions paradoxales<\/strong>&nbsp;de toutes ces autorit\u00e9s&nbsp;<em>ad hoc<\/em>. Ces exemples ont \u00e9t\u00e9 d\u00e9velopp\u00e9s notamment lors de la huiti\u00e8me r\u00e9union d\u2019information ind\u00e9pendante du CTIAP destin\u00e9e au public (ci-dessus mentionn\u00e9e). Cette conf\u00e9rence, diffus\u00e9e par&nbsp;FranceSoir, a port\u00e9 sur le th\u00e8me&nbsp;<strong>\u00ab&nbsp;<\/strong><strong><a rel=\"noreferrer noopener\" href=\"http:\/\/ctiapchcholet.blogspot.com\/2021\/04\/conference-sur-francesoir-huitieme.html\" target=\"_blank\">Vaccins contre la Covid-19&nbsp;: un doute s\u00e9rieux sur la validit\u00e9 du consentement&nbsp;? (Suite aux recours de plusieurs citoyens aupr\u00e8s du Conseil d\u2019\u00c9tat)<\/a><\/strong><strong>&nbsp;\u00bb<\/strong>. C\u2019est une&nbsp;<strong>troisi\u00e8me formation&nbsp;<\/strong>qui pourrait \u00eatre propos\u00e9e \u00e0 ces journalistes de l\u2019\u00ab&nbsp;AFP-Factuel&nbsp;\u00bb&nbsp;et de l\u2019\u00ab&nbsp;AFP&nbsp;\u00bb.<\/p>\n\n\n\n<p>Face \u00e0&nbsp;<strong>la cr\u00e9dibilit\u00e9 et \u00e0 la notori\u00e9t\u00e9 du CTIAP, y compris \u00e0 l\u2019\u00e9tranger<\/strong>, ces journalistes de l\u2019\u00ab&nbsp;AFP-Factuel&nbsp;\u00bb&nbsp;et de l\u2019\u00ab&nbsp;AFP&nbsp;\u00bb&nbsp;soutiennent&nbsp;:&nbsp;<strong>\u00ab&nbsp;L\u2019autorit\u00e9 de r\u00e9gulation des m\u00e9dicaments en France s\u2019appelle l\u2019Agence nationale de s\u00e9curit\u00e9 des m\u00e9dicaments (ANSM)&nbsp;\u00bb<\/strong>. Et ajoutent&nbsp;:&nbsp;<strong>\u00ab&nbsp;L\u2019instance&nbsp;fran\u00e7aise qui donne des recommandations sur les vaccins ou les m\u00e9dicaments s\u2019appelle la Haute autorit\u00e9 de sant\u00e9 (HAS)&nbsp;\u00bb<\/strong>.<\/p>\n\n\n\n<p>Mais ces journalistes&nbsp;oublient&nbsp;que le CTIAP du centre hospitalier de Cholet est&nbsp;<strong>dirig\u00e9 par un pharmacien<\/strong>&nbsp;dont&nbsp;<strong>l\u2019ind\u00e9pendance professionnelle<\/strong>&nbsp;est garantie par la \u00ab&nbsp;loi&nbsp;\u00bb (au sens large)&nbsp;; et cela est confirm\u00e9 par les \u00e9critures de&nbsp;<strong>l\u2019Ordre national des pharmaciens <\/strong>notamment, comme cela est rappel\u00e9 dans l&rsquo;article publi\u00e9, le 17 f\u00e9vrier 2021, sous le titre&nbsp;<strong>\u00ab&nbsp;<\/strong><strong><a rel=\"noreferrer noopener\" href=\"http:\/\/ctiapchcholet.blogspot.com\/2021\/02\/vaccins-contre-la-covid-19-le.html\" target=\"_blank\">Vaccins contre la Covid-19 : le pharmacien r\u00e9duit \u00e0 un simple distributeur automatique ?<\/a><\/strong><strong>&nbsp;\u00bb<\/strong><\/p>\n\n\n\n<p>Par ailleurs, en 2018, et concernant ladite&nbsp;<strong>HAS<\/strong>, la&nbsp;<strong>revue ind\u00e9pendante&nbsp;<\/strong><strong><em><a rel=\"noreferrer noopener\" href=\"http:\/\/ctiapchcholet.blogspot.com\/2018\/01\/evaluation-des-guides-de-la-has.html\" target=\"_blank\">Prescrire<\/a><\/em><\/strong>&nbsp;a pu soutenir que&nbsp;<strong>\u00ab&nbsp;son qualificatif de \u00ab\u00a0haute autorit\u00e9\u00a0\u00bb n\u2019est toujours pas justifi\u00e9&nbsp;\u00bb<\/strong>&nbsp;; que&nbsp;<strong>seulement 6 %<\/strong>&nbsp;des guides de cette HAS sont jug\u00e9s&nbsp;<strong>\u00ab&nbsp;int\u00e9ressants&nbsp;\u00bb<\/strong>&nbsp;; qu\u2019environ&nbsp;<strong>21 %&nbsp;<\/strong>de ces guides ont&nbsp;\u00ab&nbsp;des d\u00e9fauts majeurs ou susceptibles de&nbsp;<strong>nuire \u00e0 la qualit\u00e9 des soins<\/strong>&nbsp;\u00bb.<\/p>\n\n\n\n<p>L\u2019<strong>ANSM<\/strong>, elle, n\u2019est que la descendante de l\u2019ancienne AFSSAPS (agence fran\u00e7aise de s\u00e9curit\u00e9 sanitaire des produits de sant\u00e9) qui \u00e9tait oblig\u00e9e de&nbsp;<strong>\u00ab&nbsp;changer de nom&nbsp;\u00bb<\/strong>&nbsp;pour assurer sa survie&nbsp;: un r\u00e9arrangement cosm\u00e9tique de l\u2019organisation. Cette agence vient d\u2019ailleurs d\u2019\u00eatre&nbsp;<strong>fra\u00eechement condamn\u00e9e au p\u00e9nal<\/strong>&nbsp;dans l\u2019\u00ab&nbsp;affaire M\u00c9DIATOR\u00b0&nbsp;\u00bb&nbsp;pour des&nbsp;<strong>graves manquements \u00e0 son r\u00f4le de police sanitaire<\/strong>&nbsp;(gendarme du m\u00e9dicament.)<\/p>\n\n\n\n<p>Puis, ces journalistes de l\u2019\u00ab&nbsp;AFP-Factuel&nbsp;\u00bb&nbsp;et de l\u2019\u00ab&nbsp;AFP&nbsp;\u00bb interrogent la&nbsp;<strong>direction du centre hospitalier de Cholet<\/strong>. Et r\u00e9it\u00e8rent les m\u00eames attaques que celles formul\u00e9es, publiquement, par ledit Monsieur Raphael GRABLY qui se pr\u00e9sente comme \u00e9tant&nbsp;\u00ab&nbsp;Chef de service tech @BFMTV&nbsp;\u00bb. Des agressions qui voudraient notamment laisser penser que ce site du CTIAP serait&nbsp;\u00ab&nbsp;mon&nbsp;\u00bb&nbsp;blog \u00ab&nbsp;personnel&nbsp;\u00bb&nbsp;; et qui viseraient \u00e0 vider mon long C. V. de toute sa substance. Des attaques auxquelles <strong>j\u2019ai d\u00e9j\u00e0 r\u00e9pondu<\/strong>, de fa\u00e7on circonstanci\u00e9e, dans l\u2019<strong><a rel=\"noreferrer noopener\" href=\"http:\/\/ctiapchcholet.blogspot.com\/2021\/05\/vaccins-contre-la-covid-19-nouvelles.html\" target=\"_blank\">article en date du 4 mai 2021<\/a><\/strong>&nbsp;ci-dessus mentionn\u00e9.<\/p>\n\n\n\n<p>Cette&nbsp;<strong>direction<\/strong>&nbsp;du centre hospitalier de Cholet, et notamment le directeur (Monsieur&nbsp;<strong>Pierre VOLLOT<\/strong>),&nbsp;<strong>ne m\u2019a pas associ\u00e9<\/strong>, non plus,&nbsp;<strong>\u00e0 sa r\u00e9ponse<\/strong>&nbsp;qu\u2019elle aurait adress\u00e9e \u00e0 ces journalistes de l\u2019\u00ab&nbsp;AFP-Factuel&nbsp;\u00bb&nbsp;et de l\u2019\u00ab&nbsp;AFP&nbsp;\u00bb&nbsp;par&nbsp;\u00ab&nbsp;mail le 28 avril&nbsp;\u00bb.<\/p>\n\n\n\n<p>Reprenant les affirmations de ce directeur, et&nbsp;sans v\u00e9rification pr\u00e9alable, ces journalistes de l\u2019\u00ab&nbsp;AFP-Factuel&nbsp;\u00bb&nbsp;et de l\u2019\u00ab&nbsp;AFP&nbsp;\u00bb soutiennent notamment ceci :&nbsp; <strong>\u00ab&nbsp;La&nbsp;communaut\u00e9 m\u00e9dicale&nbsp;et la direction du CH de Cholet ne souscrivent donc pas \u00e0 un&nbsp;certain nombre&nbsp;de propos relay\u00e9s&nbsp;\u00bb<\/strong>&nbsp;sur le site du CTIAP.<\/p>\n\n\n\n<p>Mais aucun fait pr\u00e9cis&nbsp;n\u2019est indiqu\u00e9. Il s\u2019agit d\u2019une simple affirmation qui ne vise qu\u2019\u00e0 nourrir une appr\u00e9ciation d\u2019ordre g\u00e9n\u00e9ral.<\/p>\n\n\n\n<p>Or, en r\u00e9alit\u00e9, ce directeur (Monsieur Pierre VOLLOT) a tenu des&nbsp;<strong>affirmations totalement inverses et notamment aupr\u00e8s des journalistes du&nbsp;<\/strong><strong><em>Courrier de<\/em><\/strong><strong> <\/strong><strong><em>l\u2019Ouest<\/em><\/strong>. Ces derniers avaient m\u00eame publi\u00e9 ceci&nbsp;:&nbsp;<strong>\u00ab&nbsp;Sollicit\u00e9e pour r\u00e9agir&nbsp;<\/strong>aux propos du Dr Amine UMLIL, et faire t\u00e9moigner un&nbsp;soignant&nbsp;acceptant de se faire vacciner,&nbsp;<strong>la direction de l\u2019h\u00f4pital n\u2019a pas souhait\u00e9<\/strong>&nbsp;donner suite \u00e0 nos demandes.&nbsp;\u00bb<\/p>\n\n\n\n<p>Mieux encore, ce m\u00eame directeur (Monsieur Pierre VOLLOT) soutenait ceci&nbsp;aupr\u00e8s de ces journalistes du&nbsp;<em>Courrier de l\u2019Ouest<\/em>&nbsp;:&nbsp;\u00ab<strong>&nbsp;La r\u00e9ussite&nbsp;<\/strong>de ces op\u00e9rations [de vaccination contre la Covid-19] suppose&nbsp;<strong>l\u2019adh\u00e9sion et la confiance de la population<\/strong>, qui passe par une&nbsp;<strong>information&nbsp;claire et transparente&nbsp;<\/strong>sur le sujet.&nbsp;<strong>C\u2019est pourquoi&nbsp;l\u2019initiative du CTIAP est la bienvenue&nbsp;\u00bb<\/strong>.<\/p>\n\n\n\n<p>Pis encore, ce directeur semble maintenant se r\u00e9fugier derri\u00e8re ladite&nbsp;\u00ab&nbsp;communaut\u00e9 m\u00e9dicale&nbsp;\u00bb.&nbsp;Or, en r\u00e9alit\u00e9, et selon les journalistes du&nbsp;<em>Courrier de l\u2019Ouest<\/em>,&nbsp;la repr\u00e9sentante de cette communaut\u00e9 m\u00e9dicale&nbsp;(la Pr\u00e9sidente de la commission m\u00e9dicale d\u2019\u00e9tablissement) a&nbsp;<strong>port\u00e9&nbsp;\u00ab&nbsp;plainte&nbsp; <\/strong>fin ao\u00fbt pour&nbsp;<strong>faux, usage de faux et s\u00e9questration&nbsp;\u00bb<\/strong>. Lesdits journalistes de l\u2019\u00ab&nbsp;AFP-Factuel&nbsp;\u00bb&nbsp;et de l\u2019\u00ab&nbsp;AFP&nbsp;\u00bb&nbsp; auraient-ils manqu\u00e9 de lire&nbsp; \u00e9galement au moins les deux articles publi\u00e9s, le 18 d\u00e9cembre 2020, par le&nbsp;<em>Courrier de l\u2019Ouest<\/em>&nbsp;? Le premier s\u2019intitule&nbsp;<strong>\u00ab&nbsp;<\/strong><strong><a rel=\"noreferrer noopener\" href=\"https:\/\/www.ouest-france.fr\/pays-de-la-loire\/maine-et-loire\/cholet-internee-d-office-la-medecin-accuse-l-hopital-d-avoir-voulu-la-faire-taire-28386986-407d-11eb-8608-7f0bbbb8511e#:~:text=Cholet.-,Intern%C3%A9e%20d'office%2C%20la%20m%C3%A9decin%20accuse%20l'h%C3%B4pital%20d,usage%20de%20faux%20et%20s%C3%A9questration.\" target=\"_blank\">Cholet. Intern\u00e9e d\u2019office, la m\u00e9decin accuse l\u2019h\u00f4pital d\u2019avoir voulu la faire taire<\/a><\/strong><strong>&nbsp;\u00bb<\/strong>&nbsp;et soutient que cette repr\u00e9sentante (de tous les m\u00e9decins, pharmaciens, sages-femmes\u2026), et&nbsp;chef de service de r\u00e9animation, a \u00e9t\u00e9&nbsp;<strong>\u00ab&nbsp;ficel\u00e9e dans son bureau&nbsp;\u00bb par&nbsp;\u00ab&nbsp;plusieurs personnes&nbsp;\u00bb<\/strong>&nbsp;qui lui ont&nbsp;<strong>\u00ab&nbsp;mis un drap sur la t\u00eate&nbsp;\u00bb<\/strong>. Le deuxi\u00e8me article est publi\u00e9 sous le titre&nbsp;<strong>\u00ab&nbsp;<\/strong><strong><a rel=\"noreferrer noopener\" href=\"https:\/\/www.ouest-france.fr\/pays-de-la-loire\/maine-et-loire\/cholet-au-centre-hospitalier-des-relations-hierarchiques-tendues-96994a1a-4160-11eb-a29f-16d2bb5bb2ee\" target=\"_blank\">Cholet. Au centre hospitalier de Cholet, des relations hi\u00e9rarchiques tendues<\/a><\/strong><strong>&nbsp;\u00bb<\/strong>&nbsp;et informe de ceci&nbsp;:&nbsp;\u00ab&nbsp;Ce n\u2019est pas la premi\u00e8re fois que le centre hospitalier de Cholet d\u00e9fraye la chronique des faits divers. Il y a un an, devant le tribunal correctionnel d\u2019Angers, un ancien chef de service [de r\u00e9animation, encore] avait \u00e9t\u00e9 jug\u00e9 et condamn\u00e9 pour avoir r\u00e9gl\u00e9 ses comptes avec un confr\u00e8re [Pr\u00e9sident de la commission m\u00e9dicale d\u2019\u00e9tablissement, encore] dans une galerie marchande&nbsp;<strong>\u00e0 coups\u2026 d\u2019excr\u00e9ments<\/strong>. (\u2026)&nbsp;\u00bb<\/p>\n\n\n\n<p><strong>\u00c0 chacune de ces affaires m\u00e9diatis\u00e9es<\/strong>, ledit&nbsp;Monsieur Pierre VOLLOT&nbsp;(directeur du centre hospitalier de Cholet) voudrait faire croire aux journalistes qu\u2019il serait totalement \u00e9tranger \u00e0 ces conflits. Ce directeur conna\u00eet l\u2019\u00e9tendue de ma parfaite connaissance des agissements d\u00e9lictueux, voire criminels, de la bande locale.<\/p>\n\n\n\n<p>Ces journalistes de l\u2019\u00ab&nbsp;AFP-Factuel&nbsp;\u00bb&nbsp; et de l\u2019\u00ab&nbsp;AFP&nbsp;\u00bb&nbsp;sont-ils inform\u00e9s des <strong>d\u00e9missions, soudaines et group\u00e9es, des membres de ladite commission m\u00e9dicale d\u2019\u00e9tablissement<\/strong>&nbsp;qui ont \u00e9t\u00e9 enregistr\u00e9es au centre hospitalier de Cholet&nbsp;?<\/p>\n\n\n\n<p><strong>M\u00eame le maire de Cholet<\/strong>&nbsp;a annonc\u00e9&nbsp;<strong>son retrait du conseil de surveillance<\/strong>&nbsp;du centre hospitalier de Cholet. Comme le montre cette&nbsp;<strong><a href=\"http:\/\/analysecitoyenneindependante.blogspot.com\/2021\/01\/retrait-du-maire-de-cholet-du-conseil.html\" target=\"_blank\" rel=\"noreferrer noopener\">lettre ouverte<\/a><\/strong>&nbsp;publi\u00e9e, le 16 janvier 2021, cette fois sur ce qui pourrait \u00eatre consid\u00e9r\u00e9 comme mon blog personnel (intitul\u00e9&nbsp;\u00ab&nbsp;Analyse citoyenne ind\u00e9pendante&nbsp;\u00bb).<\/p>\n\n\n\n<p>Selon ces journalistes de l\u2019\u00ab&nbsp;AFP-Factuel&nbsp;\u00bb&nbsp;et de l\u2019\u00ab&nbsp;AFP&nbsp;\u00bb, ce directeur aurait affirm\u00e9 aussi&nbsp;:&nbsp;<strong>\u00ab&nbsp;M. Umlil est responsable du Centre Territorial d\u2019Information Ind\u00e9pendante et d\u2019Avis Pharmaceutiques (CTIAP) du centre hospitalier, une entit\u00e9 en charge des questions de pharmacovigilance (surveillance des effets secondaires [ind\u00e9sirables] des m\u00e9dicaments)&nbsp;\u00bb<\/strong>. Or, en r\u00e9alit\u00e9, la&nbsp;<strong><a rel=\"noreferrer noopener\" href=\"http:\/\/ctiapchcholet.blogspot.com\/p\/le-rationnel-du-ctiap.html\" target=\"_blank\">mission du CTIAP<\/a><\/strong>&nbsp;est affich\u00e9e sur le pr\u00e9sent site de ce centre d\u2019information ind\u00e9pendante ; un texte que ce directeur avait, lui-m\u00eame, adress\u00e9 \u00e0 l&rsquo;agence r\u00e9gionale de sant\u00e9 (ARS). Concernant la pharmacovigilance, le centre hospitalier a \u00e9galement cr\u00e9\u00e9 une&nbsp;<strong>\u00ab&nbsp;unit\u00e9 de pharmacovigilance&nbsp;\u00bb<\/strong>, distincte de celle du CTIAP, dont je suis \u00e9galement responsable. De m\u00eame, l\u2019\u00e9tablissement m\u2019a confi\u00e9 la&nbsp;<strong>\u00ab&nbsp;coordination des vigilances sanitaires&nbsp;\u00bb<\/strong>&nbsp;depuis 2007. Le tout s\u2019est d\u00e9roul\u00e9&nbsp;<strong>sous le contr\u00f4le des juges<\/strong>&nbsp;notamment&nbsp;; et bien avant l\u2019arriv\u00e9e de ce directeur (Monsieur Pierre VOLLOT).<\/p>\n\n\n\n<p><strong>Ma r\u00e9ponse \u00e0 ce directeur (Monsieur Pierre VOLLOT)<\/strong>&nbsp;est pourtant disponible dans une&nbsp;<strong><a rel=\"noreferrer noopener\" href=\"http:\/\/ctiapchcholet.blogspot.com\/2021\/04\/lettre-ouverte-vaccins-contre-la-covid.html\" target=\"_blank\">lettre ouverte<\/a><\/strong>&nbsp;publi\u00e9e, le 10 avril 2021, sur ce site. Au contenu de cette lettre, est venu s\u2019ajouter&nbsp;<strong><a rel=\"noreferrer noopener\" href=\"http:\/\/ctiapchcholet.blogspot.com\/2021\/05\/vaccins-contre-la-covid-19-nouvelles.html\" target=\"_blank\">un compl\u00e9ment<\/a><\/strong>, qui concerne&nbsp;<strong>ce m\u00eame directeur<\/strong>, dans ladite r\u00e9ponse en date du 4 mai 2021 qui a \u00e9t\u00e9 adress\u00e9e \u00e0 Monsieur Raphael GRABLY&nbsp;\u00ab&nbsp;Chef de service tech @BFMTV&nbsp;\u00bb&nbsp;(ci-dessus indiqu\u00e9e). Ces journalistes de l\u2019\u00ab&nbsp;AFP-Factuel&nbsp;\u00bb et de l\u2019\u00ab&nbsp;AFP&nbsp;\u00bb&nbsp;ont donc \u00e9galement<br><strong>ignor\u00e9<\/strong>&nbsp;ces \u00e9l\u00e9ments de r\u00e9ponses, <strong>contradictoires et utiles<\/strong>, adress\u00e9es \u00e0 ce directeur. En tout cas, ce dernier vient d\u2019aggraver son cas.<\/p>\n\n\n\n<p>Sans v\u00e9rifier les affirmations de l\u2019ANSM, ces journalistes soutiennent aussi ceci : <strong>\u00ab&nbsp;l\u2019AMM&nbsp;conditionnelle rassemble&nbsp;tous&nbsp;les verrous de contr\u00f4les d\u2019une autorisation de mise sur le march\u00e9&nbsp;standard&nbsp;pour garantir un&nbsp;niveau \u00e9lev\u00e9&nbsp;de s\u00e9curit\u00e9 pour les patients&nbsp;<\/strong>\u00bb. Si tel \u00e9tait le cas, pourquoi alors avoir cr\u00e9\u00e9 cette AMM&nbsp;\u00ab&nbsp;conditionnelle&nbsp;\u00bb&nbsp;si celle-ci offre le m\u00eame niveau de s\u00e9curit\u00e9 qu\u2019une AMM&nbsp;\u00ab&nbsp;standard&nbsp;\u00bb&nbsp;? Je renouvelle donc ma proposition de ladite&nbsp;<strong><a rel=\"noreferrer noopener\" href=\"http:\/\/ctiapchcholet.blogspot.com\/2021\/04\/conference-sur-francesoir-huitieme.html\" target=\"_blank\">troisi\u00e8me formation<\/a><\/strong>, ci-dessus pr\u00e9cis\u00e9e, qui pourrait s\u2019av\u00e9rer utile \u00e0 ces journalistes de l\u2019\u00ab&nbsp;AFP-Factuel&nbsp;\u00bb&nbsp;et de l\u2019\u00ab&nbsp;AFP&nbsp;\u00bb.<\/p>\n\n\n\n<p>Et&nbsp;<strong>en m\u00eame temps<\/strong>, ces journalistes <strong>admettent<\/strong>, qu\u2019\u00e0 la date de d\u00e9livrance de cette AMM \u00ab&nbsp;conditionnelle&nbsp;\u00bb,&nbsp;<strong>l\u2019efficacit\u00e9 sur les formes&nbsp;\u00ab&nbsp;graves&nbsp;\u00bb<\/strong>&nbsp;n\u2019\u00e9tait <strong>que \u00ab&nbsp;sugg\u00e9r\u00e9e&nbsp;\u00bb<\/strong>.<\/p>\n\n\n\n<p><strong>Toute personne, qui s\u2019est fait vaccin\u00e9e&nbsp;en croyant&nbsp;que ces vaccins avaient&nbsp;d\u00e9montr\u00e9&nbsp;cette efficacit\u00e9, serait ravie d\u2019apprendre que, finalement, ladite efficacit\u00e9 n\u2019\u00e9tait que&nbsp;\u00ab&nbsp;sugg\u00e9r\u00e9e&nbsp;\u00bb<\/strong>. Et que ces journalistes, des m\u00e9dias traditionnels (dominants), ont&nbsp;<strong>omis de porter \u00e0 sa connaissance<\/strong>&nbsp;une telle information qui, pourtant,&nbsp; <strong>conditionne les caract\u00e8res&nbsp; \u00ab&nbsp;libre&nbsp;\u00bb&nbsp;et&nbsp;\u00ab&nbsp;\u00e9clair\u00e9&nbsp;\u00bb&nbsp;du consentement<\/strong>&nbsp;donn\u00e9 par cette personne avant de se faire vacciner.<\/p>\n\n\n\n<p>Ensuite, et de fa\u00e7on pour le moins sournoise, ces journalistes tentent de montrer que le CTIAP aurait du succ\u00e8s aupr\u00e8s notamment d\u2019un&nbsp;\u00ab&nbsp;site canadien anti-avortement&nbsp;\u00bb, d\u2019un \u00ab&nbsp;groupe Facebook canadien anti-vaccin et anti-confinement&nbsp;\u00bb, d\u2019un \u00ab&nbsp;groupe appel\u00e9 \u00ab\u00a0effets ind\u00e9sirables des vaccins Covid\u00a0\u00bb&nbsp;\u00bb\u2026 Or, en r\u00e9alit\u00e9, le CTIAP du centre hospitalier de Cholet&nbsp;n\u2019est pas responsable&nbsp;de la qualit\u00e9 des articles faits par des tiers qui reprennent les donn\u00e9es du CTIAP&nbsp;; et sans m\u00eame solliciter l\u2019accord pr\u00e9alable de ce centre. Et le CTIAP n&rsquo;a pas, non plus, \u00e0 porter de jugement sur la qualit\u00e9 du travail de ces tiers.<\/p>\n\n\n\n<p>Selon ces journalistes de l\u2019\u00ab&nbsp;AFP-Factuel&nbsp;\u00bb&nbsp;et de l\u2019\u00ab&nbsp;AFP&nbsp;\u00bb, certains voient m\u00eame le CTIAP comme \u00e9tant&nbsp; <strong>\u00ab&nbsp;Le centre fran\u00e7ais d\u2019\u00e9valuation des m\u00e9dicaments&nbsp;\u00bb<\/strong>&nbsp;: juste merci \u00e0 eux de le percevoir ainsi&nbsp;!<\/p>\n\n\n\n<p>Des articles du CTIAP ont m\u00eame \u00e9t\u00e9&nbsp;<strong>traduits en plusieurs langues<\/strong>&nbsp;(et sans l\u2019accord pr\u00e9alable du CTIAP) :&nbsp;<strong>allemand, anglais, espagnol, italien, etc.<\/strong>&nbsp;Un fait qui n\u2019est pas relay\u00e9 par ces journalistes. Merci aux personnes quiont effectu\u00e9 ces traductions (auxquelles le CTIAP n\u2019a pas contribu\u00e9).<\/p>\n\n\n\n<p>Bien&nbsp;<strong>avant<\/strong>&nbsp;la mise sur le march\u00e9 \u00ab&nbsp;conditionnelle&nbsp;\u00bb&nbsp;(temporaire) de ces vaccins, des&nbsp;<strong>journalistes des m\u00e9dias traditionnels (dominants)&nbsp;<\/strong>ont diffus\u00e9, aupr\u00e8s du public, des&nbsp;<strong>informations&nbsp;<\/strong>qui ne sont&nbsp;<strong>ni claires, ni loyales, ni appropri\u00e9es<\/strong>. Ces journalistes persistent en continuant de diffuser des affirmations, pour le moins,&nbsp; <strong>\u00ab&nbsp;inexactes&nbsp;\u00bb<\/strong>. Ce sont ces informations, diffus\u00e9es par ces journalistes, qui sont&nbsp; <strong>\u00ab trompeuses \u00bb<\/strong>.&nbsp;C\u2019est ce que le CTIAP a mis en \u00e9vidence&nbsp;conform\u00e9ment \u00e0 sa mission connue de toutes les autorit\u00e9s <em>ad hoc<\/em>. Alors, \u00e9videmment,&nbsp;un tel recadrage ne peut que d\u00e9plaire \u00e0 ces journalistes&nbsp;pour lesquels je ne peux r\u00e9server, de fa\u00e7on parall\u00e8le, un paragraphe intitul\u00e9&nbsp;<strong>\u00ab&nbsp;Qui sont ces journalistes&nbsp;?&nbsp;\u00bb<\/strong>&nbsp;; puisque leurs Curriculum vitae&nbsp;(C.V.) ne me sont pas accessibles. Ils&nbsp;<strong>n\u2019osent m\u00eame pas signer leur article litigieux<\/strong>&nbsp;avec leurs&nbsp; noms et pr\u00e9noms.<\/p>\n\n\n\n<p>Il y a lieu de relever \u00e9galement que ces journalistes de l\u2019\u00ab&nbsp;AFP-Factuel&nbsp;\u00bb&nbsp;et de l\u2019&nbsp;\u00ab&nbsp;AFP&nbsp;\u00bb&nbsp;ne contestent pas notamment les&nbsp;<strong>\u00ab&nbsp;<\/strong><strong><a rel=\"noreferrer noopener\" href=\"http:\/\/ctiapchcholet.blogspot.com\/2021\/04\/inedit-exclusif-vaccins-contre-la-covid.html\" target=\"_blank\">incertitudes m\u00eame sur la qualit\u00e9 intrins\u00e8que des produits, sur leurs proc\u00e9d\u00e9s de fabrication, sur les lots commercialis\u00e9s\u2026<\/a><\/strong><strong>&nbsp;\u00bb<\/strong>&nbsp;qui ont \u00e9t\u00e9 port\u00e9es \u00e0 la connaissance du public, notamment, dans l\u2019article en date du 2 avril 2021 : le CTIAP \u00e9tant sans doute la seule entit\u00e9 \u00e0 avoir r\u00e9v\u00e9l\u00e9 cette information de fa\u00e7on in\u00e9dite et exclusive. Ces journalistes ne r\u00e9pondentpas, non plus, \u00e0 notre article intitul\u00e9&nbsp;<strong>\u00ab&nbsp;<\/strong><strong><a rel=\"noreferrer noopener\" href=\"http:\/\/ctiapchcholet.blogspot.com\/2021\/04\/vaccins-contre-la-covid-19-pourquoi-ce.html\" target=\"_blank\">Vaccins contre la Covid-19&nbsp;: pourquoi ce \u00ab&nbsp;silence&nbsp;\u00bb des m\u00e9dias traditionnels (dominants) sur les \u00ab&nbsp;effets ind\u00e9sirables&nbsp;\u00bb des vaccins \u00ab&nbsp;BioNTech \u2013 Pfizer&nbsp;\u00bb et \u00ab&nbsp;Moderna&nbsp;\u00bb&nbsp;?<\/a><\/strong><strong>&nbsp;\u00bb<\/strong>&nbsp;publi\u00e9, le 16 avril 2021, sur ce site du CTIAP. Deux r\u00e9flexions qui ont pourtant \u00e9t\u00e9 vis\u00e9es dans l\u2019article litigieux de ces journalistes.<\/p>\n\n\n\n<h2 class=\"wp-block-heading\"><strong>Conclusion<\/strong><\/h2>\n\n\n\n<p>Ces journalistes de l\u2019\u00ab&nbsp;AFP-Factuel&nbsp;\u00bb&nbsp;et de l\u2019\u00ab&nbsp;AFP&nbsp;\u00bb&nbsp;m\u2019accusent publiquement <strong>de fa\u00e7on infond\u00e9e<\/strong>&nbsp;; et&nbsp;<strong>sans m\u00eame recueillir au pr\u00e9alable ma version des faits ; ni m\u00eame m&rsquo;informer de l&rsquo;existence de ces accusations publiquement tenues devant tant d&rsquo;abonn\u00e9s<\/strong>. \u00c0 nouveau, des preuves contradictoires et utiles, v\u00e9rifiables sur pi\u00e8ces, sont apport\u00e9es. Celles-ci d\u00e9montrent le caract\u00e8re injustifi\u00e9 de cette nouvelle attaque contre le CTIAP (un service hospitalier d\u2019information ind\u00e9pendante sur le m\u00e9dicament) et contre son responsable (pharmacien des h\u00f4pitaux, praticien hospitalier et juriste (Droit de la sant\u00e9)). Ces journalistes viennent donc rejoindre&nbsp;<strong>la cohorte des d\u00e9tracteurs<\/strong>&nbsp;qui cherchent \u00e0&nbsp;<strong>emp\u00eacher le CTIAP<\/strong>&nbsp;de remplir sa mission d\u2019information relevant du service public. Le moment venu, ils auront aussi \u00e0&nbsp;r\u00e9pondre de leurs actes. Ils font&nbsp;<strong>obstruction \u00e0 la manifestation de la v\u00e9rit\u00e9<\/strong>&nbsp;concernant le&nbsp;<strong>rapport b\u00e9n\u00e9fice\/risque<\/strong>&nbsp;de ces vaccins.<\/p>\n\n\n\n<p>Ou peut-\u00eatre, ces journalistes de l\u2019<strong>\u00ab&nbsp;AFP-Factuel&nbsp;\u00bb<\/strong>&nbsp;et de l\u2019<strong>\u00ab&nbsp;AFP&nbsp;\u00bb<\/strong> auraient souhait\u00e9 venir&nbsp;<strong>en aide, au secours<\/strong>, \u00e0 leurs \u00e9ventuels \u00ab\u00a0amis\u00a0\u00bb de <strong>\u00ab&nbsp;Lib\u00e9ration \u2013 CheckNews&nbsp;\u00bb<\/strong>&nbsp;et de <strong>\u00ab&nbsp;BFMTV&nbsp;\u00bb<\/strong>&nbsp;auxquels le CTIAP a r\u00e9serv\u00e9 les deux r\u00e9ponses ci-dessus mentionn\u00e9es.<\/p>\n\n\n\n<p>Ou alors, peut-\u00eatre, ces journalistes de l\u2019<strong>\u00ab&nbsp;AFP-Factuel&nbsp;\u00bb<\/strong>&nbsp;et de l\u2019<strong>\u00ab&nbsp;AFP&nbsp;\u00bb<\/strong> n\u2019auraient pas appr\u00e9ci\u00e9&nbsp;ma r\u00e9action, en date du 4 mai 2021,&nbsp;en r\u00e9ponse \u00e0 un Tweet de cette m\u00eame AFP&nbsp;qui soutenait le 3 mai 2021 ceci&nbsp;: \u00ab&nbsp;Apr\u00e8s la trag\u00e9die du Covid, s\u2019ouvrira la bataille pour regagner le&nbsp;<strong>terrain perdu sur la libert\u00e9 d\u2019informer&nbsp;<\/strong>\u00bb. Le journalisme se remettra-t-il de la pand\u00e9mie&nbsp;? Une r\u00e9flexion nourrie des exp\u00e9riences des journalistes de l\u2019AFP pendant la pand\u00e9mie (\u2026)&nbsp;\u00bb.<\/p>\n\n\n\n<p>Ce Tweet de l\u2019AFP ayant ensuite relay\u00e9 une citation de Madame&nbsp;\u00ab&nbsp;SOPHIE HUET&nbsp;\u00bb,&nbsp;<strong>\u00ab&nbsp;R\u00e9dactrice en chef centrale de l\u2019AFP&nbsp;\u00bb<\/strong>&nbsp;: \u00ab&nbsp;Nous nous doutons bien que, comme tout un chacun, nous ne sortirons pas indemnes de ce traumatisme mondial. Mais, gageons avec optimisme que, comme les mauvaises herbes, les journalistes s\u2019attacheront&nbsp;<strong>\u00e0 reprendre<\/strong>&nbsp;chaque interstice de libert\u00e9.&nbsp;\u00bb<\/p>\n\n\n\n<p>\u00c0 ces proses de l\u2019AFP, j\u2019avais r\u00e9pondu&nbsp;le 4 mai 2021 ceci :&nbsp;\u00ab&nbsp;C\u2019est lors des p\u00e9riodes difficiles que la d\u00e9mocratie a besoin de ses \u00ab&nbsp;chiens de garde&nbsp;\u00bb (de ses vrais journalistes)&nbsp;; et non pas apr\u00e8s. Pour comprendre, il suffit de d\u00e9couvrir deux exemples regroup\u00e9s dans l\u2019<a href=\"http:\/\/ctiapchcholet.blogspot.com\/2021\/05\/vaccins-contre-la-covid-19-nouvelles.html\" target=\"_blank\" rel=\"noreferrer noopener\">article<\/a>&nbsp;publi\u00e9, ce jour, par le @ctiap_cholet.&nbsp;\u00bb<\/p>\n\n\n\n<p>Ces journalistes de l\u2019\u00ab&nbsp;AFP-Factuel&nbsp;\u00bb&nbsp;et de l\u2019\u00ab&nbsp;AFP&nbsp;\u00bb&nbsp;devraient m\u00e9diter notamment cet autre article publi\u00e9, le 19 septembre 2020, sur ce site du CTIAP sous le titre&nbsp;:&nbsp;\u00ab&nbsp;<a rel=\"noreferrer noopener\" href=\"http:\/\/ctiapchcholet.blogspot.com\/2020\/09\/covid-19-et-hydroxychloroquine-l.html\" target=\"_blank\">Covid-19 et Hydroxychloroquine&nbsp;: l\u2019\u00ab&nbsp;empirisme&nbsp;\u00bb refus\u00e9 au professeur Didier Raoult (en situation d\u2019urgence) est pourtant tol\u00e9r\u00e9 pour les \u00ab&nbsp;m\u00e9dicaments p\u00e9diatriques&nbsp;\u00bb (en pratique courante&nbsp;\u00bb)<\/a>&nbsp;\u00bb. Ils trouveront dans cet article notamment l\u2019une de mes&nbsp;tribunes&nbsp;publi\u00e9es par le journal&nbsp;<em><a rel=\"noreferrer noopener\" href=\"https:\/\/www.lepoint.fr\/invites-du-point\/tribune-ce-qui-est-refuse-au-professeur-didier-raoult-est-permis-a-d-autres-07-06-2020-2378816_420.php\" target=\"_blank\">Le Point<\/a><\/em>&nbsp;(ce dernier&nbsp;ayant repris int\u00e9gralement&nbsp;des articles du CTIAP du centre hospitalier de Cholet). Et celui publi\u00e9, le 6 mai 2021 sous le titre&nbsp;\u00ab&nbsp;<a rel=\"noreferrer noopener\" href=\"http:\/\/ctiapchcholet.blogspot.com\/2021\/05\/la-covid-19-un-projet-de-passeport.html\" target=\"_blank\">La Covid-19&nbsp;: un projet de \u00ab&nbsp;passeport sanitaire&nbsp;\u00bb alors que cette maladie n\u2019est pas inscrite sur la liste des \u00ab&nbsp;maladies \u00e0 d\u00e9claration obligatoire&nbsp;\u00bb (celles-ci, elles, ne n\u00e9cessitent aucun \u00ab&nbsp;passeport&nbsp;\u00bb)<\/a>&nbsp;\u00bb.<\/p>\n\n\n\n<p>Ces journalistes de l\u2019\u00ab&nbsp;AFP-Factuel&nbsp;\u00bb&nbsp;et de l\u2019\u00ab&nbsp;AFP&nbsp;\u00bb&nbsp;devraient lire mon livre publi\u00e9, en d\u00e9cembre 2018, sous le titre&nbsp;:&nbsp;<strong>\u00ab&nbsp;Obstacles \u00e0 la pharmacovigilance&nbsp;: D\u00e9linquance en col blanc&nbsp;; Inertie des pouvoirs publics&nbsp;\u00bb<\/strong>. Dans cet ouvrage, ils pourront d\u00e9couvrir notamment comment je suis per\u00e7u par les corps d\u2019inspection, par ladite communaut\u00e9 m\u00e9dicale derri\u00e8re laquelle ce directeur (Monsieur Pierre VOLLOT) tente de se r\u00e9fugier \u00e0 chaque fois qu\u2019il est mis face \u00e0 ses responsabilit\u00e9s, par ce m\u00eame directeur, par l\u2019actuel Pr\u00e9sident de la commission m\u00e9dicale d\u2019\u00e9tablissement (CME), par le&nbsp;service r\u00e9gional de la police judiciaire (SRPJ), etc. Ce dernier ayant pu intervenir en 2007 suite \u00e0 mon&nbsp;alerte&nbsp;adress\u00e9e, cette m\u00eame ann\u00e9e 2007, au&nbsp;procureur G\u00e9n\u00e9ral&nbsp;en ces termes&nbsp;:&nbsp;<strong>\u00ab&nbsp;(\u2026) que cessent tous ces dysfonctionnements graves au centre hospitalier de Cholet, afin d\u2019\u00e9viter que la vie des patients ne soit mise en jeu (\u2026)&nbsp;\u00bb<\/strong>. Ledit SRPJ ayant pu relever notamment ceci&nbsp;: \u00ab&nbsp;(\u2026) Les pi\u00e8ces produites par Mr UMLIL. En tr\u00e8s grand nombre, elles argumentaient ou pr\u00e9cisaient chaque point d\u00e9velopp\u00e9 par Mr UMLIL.&nbsp;\u00bb<\/p>\n\n\n\n<p>Ces&nbsp;<strong>attaques r\u00e9p\u00e9titives<\/strong>, ciblant le CTIAP ainsi que les pr\u00e9rogatives de mes fonctions relevant du service public, appellent, peut-\u00eatre, une&nbsp;<strong>nouvelle alerte<\/strong>&nbsp;aupr\u00e8s du&nbsp;Minist\u00e8re public.<\/p>\n\n\n\n<p>Cet article litigieux de l\u2019<strong>\u00ab&nbsp;Agence France Presse (AFP) \u2013 Factuel&nbsp;\u00bb&nbsp;et l\u2019\u00ab&nbsp;AFP&nbsp;\u00bb<\/strong>&nbsp;ne mentionne&nbsp;<strong>aucune d\u00e9claration d\u2019\u00e9ventuels liens ou conflits d\u2019int\u00e9r\u00eats<\/strong>&nbsp; des&nbsp; <strong>\u00ab&nbsp;expertes&nbsp;\u00bb <\/strong>interrog\u00e9es notamment ; comme cela est exig\u00e9 par les dispositions de l\u2019<strong><a rel=\"noreferrer noopener\" href=\"http:\/\/ctiapchcholet.blogspot.com\/p\/lien-et-conflit.html\" target=\"_blank\">article L.4113-13<\/a><\/strong>&nbsp;du Code de la sant\u00e9 publique.<\/p>\n\n\n\n<p>\u00c0 l\u2019avenir,&nbsp;<strong>le l\u00e9gislateur devrait penser, s\u00e9rieusement, \u00e0 rendre \u00e9galement obligatoires<\/strong>&nbsp;ces d\u00e9clarations des liens ou conflits d\u2019int\u00e9r\u00eats&nbsp;<strong>pour tout journaliste<\/strong>&nbsp;qui publie des articles dans le domaine, r\u00e9glement\u00e9, du m\u00e9dicament (vaccins).<\/p>\n\n\n\n<p>Enfin, ayant construit cette r\u00e9ponse en urgence, je me r\u00e9serve le droit de la parfaire&nbsp;; en apportant, \u00e9ventuellement et notamment, quelques informations compl\u00e9mentaires contradictoires et utiles.&nbsp;<\/p>\n\n\n\n<p>Docteur Amine UMLIL, Pharmacien des h\u00f4pitaux, praticien hospitalier, Juriste (Droit de la sant\u00e9), Extrait du&nbsp;<strong><a href=\"http:\/\/ctiapchcholet.blogspot.com\/p\/a-propos-de-lauteur.html\" target=\"_blank\" rel=\"noreferrer noopener\">Curriculum vitae<\/a><\/strong>&nbsp;(C.V.)Tribune publi\u00e9e originellement sur le&nbsp;<a href=\"http:\/\/ctiapchcholet.blogspot.com\/2021\/05\/vaccins-contre-la-covid-19-encore-des.html\" target=\"_blank\" rel=\"noreferrer noopener\">blog<\/a>&nbsp;du CTIAP.Auteur(s) : FranceSoir &#8211; 08\/05\/2021 &#8211; 17:08<\/p>\n\n\n\n<hr class=\"wp-block-separator\"\/>\n\n\n\n<p>\u00a9 FranceSoir 2021<\/p>\n\n\n\n<p>Source : <a href=\"https:\/\/www.francesoir.fr\/amp\/article\/opinions-tribunes\/lafp-epinglee-une-nouvelle-fois-pour-publication-dinformations-inexactes-sur-le\">https:\/\/www.francesoir.fr\/amp\/article\/opinions-tribunes\/lafp-epinglee-une-nouvelle-fois-pour-publication-dinformations-inexactes-sur-le<\/a><\/p>\n\n\n\n<p><em>Publi\u00e9 avec l&rsquo;aimable permission de FranceSoir et du Dr Amine UMLIL. <\/em><\/p>\n\n\n\n<hr class=\"wp-block-separator\"\/>\n\n\n\n<h3 class=\"wp-block-heading\">Articles recommand\u00e9s <\/h3>\n\n\n\n<ul class=\"wp-block-list\"><li><a href=\"https:\/\/bibleetsciencediffusion.org\/index.php\/2021\/05\/13\/8908\/\">CTIAP (Centre Hospitalier de Cholet) : LETTRE OUVERTE. Vaccins contre la Covid-19 : R\u00e9ponse \u00e0 la direction du centre hospitalier de Cholet<\/a>.<\/li><li><a href=\"https:\/\/bibleetsciencediffusion.org\/index.php\/2021\/03\/12\/covid-19-projet-de-vaccination-obligatoire-des-soignants-lettre-ouverte-au-ministre-des-solidarites-et-de-la-sante-par-le-dr-amine-umlil\/\">Covid-19. Projet de vaccination \u00ab obligatoire \u00bb des soignants : lettre ouverte au Ministre des solidarit\u00e9s et de la sant\u00e9 \u00e9crite par le Dr Amine UMLIL<\/a>.<\/li><li><a href=\"https:\/\/bibleetsciencediffusion.org\/index.php\/2021\/03\/20\/duel-televise-umlil\/\">Centre Hospitalier de Cholet : D\u00e9bat public sur les vaccins contre la Covid-19. R\u00e9ponse au Docteur Jean-Michel DEBARRE : proposition d\u2019un duel t\u00e9l\u00e9vis\u00e9 en direct<\/a>.<\/li><li><a href=\"https:\/\/lumieremonde.wordpress.com\/2021\/06\/05\/faucigate\/\">Les e-mails de Fauci, le prochain scandale \u00e0 venir ?<\/a><\/li><li><a href=\"https:\/\/bibleetsciencediffusion.org\/index.php\/2021\/04\/24\/gates-nimrod\/\">Bill Gates, nouveau Nimrod<\/a>.<\/li><li><a href=\"https:\/\/bibleetsciencediffusion.org\/index.php\/2021\/04\/09\/pfizer-mensonge\/\">L\u2019ancien vice-pr\u00e9sident de Pfizer : \u201cLes gouvernements vous mentent et pr\u00e9parent le d\u00e9peuplement massif\u201d<\/a>.<\/li><li><a href=\"https:\/\/bibleetsciencediffusion.org\/index.php\/2021\/04\/08\/theologie-vaccins\/\">\u00c9valuation th\u00e9ologique des vaccins \u00e0 la lumi\u00e8re de L\u00e9vitique 19<\/a>.<\/li><li><a rel=\"noreferrer noopener\" href=\"https:\/\/bibleetsciencediffusion.org\/index.php\/2021\/02\/14\/lettre-fauci\/\" target=\"_blank\">Lettre ouverte au Dr Fauci concernant l\u2019utilisation de l\u2019hydroxychloroquine &#8211; par George C. Fareed, Michael M. Jacobs et Donald Pompan<\/a>.<\/li><li><a rel=\"noreferrer noopener\" href=\"https:\/\/bibleetsciencediffusion.org\/index.php\/2021\/01\/24\/henrion-caude-interview\/\" target=\"_blank\">Covid-19 et vaccin : la g\u00e9n\u00e9ticienne Alexandra Henrion-Caude nous dit tout<\/a>.<\/li><li>Jean-Dominique Michel, \u00ab\u00a0<a rel=\"noreferrer noopener\" href=\"https:\/\/bibleetsciencediffusion.org\/index.php\/2020\/03\/26\/hydroxychloroquine-comment-la-mauvaise-science-est-devenue-une-religion\/\" target=\"_blank\">Hydroxychloroquine : comment la mauvaise science est devenue une religion<\/a>\u00ab\u00a0.<\/li><li>Jean-Dominique <a rel=\"noreferrer noopener\" href=\"https:\/\/bibleetsciencediffusion.org\/index.php\/2020\/06\/13\/lancetgate-ou-sciencegate-un-autre-revelateur-de-la-covid-19\/\" target=\"_blank\">Michel,\u00a0\u00bbLancetGate ou ScienceGate : un autre r\u00e9v\u00e9lateur de la Covid-19<\/a>\u00ab\u00a0.<\/li><li>Jean-Dominique Michel, \u00ab\u00a0<a rel=\"noreferrer noopener\" href=\"https:\/\/bibleetsciencediffusion.org\/index.php\/2020\/05\/11\/anatomie-et-enseignement-dun-desastre-par-jean-dominique-michel\/\" target=\"_blank\">Anatomie et enseignement d&rsquo;un d\u00e9sastre<\/a>\u00ab\u00a0.<\/li><li>David Klinghoffer, \u00ab\u00a0<a rel=\"noreferrer noopener\" href=\"https:\/\/bibleetsciencediffusion.org\/index.php\/2020\/06\/11\/le-scandale-du-papier-a-lhydroxychloroquine-de-lancet-illustre-la-partialite-scientifique-pas-seulement-en-medecine\/\" target=\"_blank\">Le scandale de l&rsquo;article sur l&rsquo;hydroxychloroquine du <\/a><em><a rel=\"noreferrer noopener\" href=\"https:\/\/bibleetsciencediffusion.org\/index.php\/2020\/06\/11\/le-scandale-du-papier-a-lhydroxychloroquine-de-lancet-illustre-la-partialite-scientifique-pas-seulement-en-medecine\/\" target=\"_blank\">Lancet<\/a><\/em><a rel=\"noreferrer noopener\" href=\"https:\/\/bibleetsciencediffusion.org\/index.php\/2020\/06\/11\/le-scandale-du-papier-a-lhydroxychloroquine-de-lancet-illustre-la-partialite-scientifique-pas-seulement-en-medecine\/\" target=\"_blank\"> illustre la partialit\u00e9 scientifique, et pas seulement en m\u00e9decine<\/a>\u00ab\u00a0.<\/li><li>Claude Rochet, \u00ab\u00a0<a rel=\"noreferrer noopener\" href=\"https:\/\/bibleetsciencediffusion.org\/index.php\/2020\/04\/21\/le-scientisme-notre-principal-probleme\/\" target=\"_blank\">Le scientisme, notre principal probl\u00e8me<\/a>\u00ab\u00a0.<\/li><li>Claude Rochet, \u00ab\u00a0<a rel=\"noreferrer noopener\" href=\"https:\/\/bibleetsciencediffusion.org\/index.php\/2020\/04\/02\/laffaire-chloroquine\/\" target=\"_blank\">L&rsquo;affaire Chloroquine<\/a>\u00ab\u00a0.<\/li><li>Evolution and News, \u00ab\u00a0<a rel=\"noreferrer noopener\" href=\"https:\/\/bibleetsciencediffusion.org\/index.php\/2020\/05\/21\/la-science-peut-perpetuer-des-mythes\/\" target=\"_blank\">La science peut perp\u00e9tuer des mythes<\/a>\u00ab\u00a0.<\/li><li><a rel=\"noreferrer noopener\" href=\"https:\/\/bibleetsciencediffusion.org\/index.php\/2020\/05\/29\/le-transhumanisme-et-la-doctrine-de-la-creation\/\" target=\"_blank\">Le transhumanisme et la doctrine de la cr\u00e9ation<\/a>.<\/li><li><a rel=\"noreferrer noopener\" href=\"https:\/\/bibleetsciencediffusion.org\/index.php\/2020\/04\/14\/lhomme-mutant-conference-deric-lemaitre\/\" target=\"_blank\">L\u2019homme mutant \u2013 conf\u00e9rence d\u2019Eric Lema\u00eetre.<\/a><\/li><li><a rel=\"noreferrer noopener\" href=\"https:\/\/bibleetsciencediffusion.org\/index.php\/produit\/la-deconstruction-de-lhomme-critique-du-systeme-technicien-deric-lemaitre\/\" target=\"_blank\">La d\u00e9construction de l\u2019Homme. Critique du Syst\u00e8me technicien d\u2019Eric Lema\u00eetre.<\/a><\/li><li><a rel=\"noreferrer noopener\" href=\"https:\/\/bibleetsciencediffusion.org\/index.php\/2020\/07\/09\/covid-19-une-defaite-francaise\/\" target=\"_blank\">Covid-19 : une d\u00e9faite fran\u00e7aise.<\/a><\/li><li><a rel=\"noreferrer noopener\" href=\"https:\/\/lumieremonde.wordpress.com\/2020\/04\/09\/id2020-et-ses-partenaires-lancent-un-programme-permettant-lidentification-numerique-avec-les-vaccins\/\" target=\"_blank\">ID2020 et ses partenaires lancent un programme permettant l&rsquo;identification num\u00e9rique avec les vaccins<\/a>.<\/li><li>Baxter Dmitry, \u00ab\u00a0<a rel=\"noreferrer noopener\" href=\"https:\/\/lumieremonde.wordpress.com\/2020\/05\/09\/bill-gates-et-les-rituels-sataniques-de-microsoft\/\" target=\"_blank\">Bill Gates et les rituels sataniques de Microsoft<\/a>\u00ab\u00a0.<\/li><li><em>News Punch<\/em>, 15 avril 2020. <a rel=\"noreferrer noopener\" href=\"https:\/\/lumieremonde.wordpress.com\/2020\/05\/10\/bill-gates-et-marina-abramovic-loccultisme-a-domicile\/\" target=\"_blank\">Bill Gates et Marina Abramovi\u0107 : l&rsquo;occultisme \u00e0 domicile<\/a>.<\/li><li>Eric Lema\u00eetre, \u00ab\u00a0<a rel=\"noreferrer noopener\" href=\"https:\/\/deconstructionhomme.com\/2019\/06\/15\/la-ville-digitalisee-la-tentation-de-babel\/\" target=\"_blank\">La ville digitalis\u00e9e, la tentation de Babel<\/a>\u00ab\u00a0. Deconstructionhomme.com, 15 juin 2019.<\/li><li>Eric Lema\u00eetre,\u00a0\u00bb<a rel=\"noreferrer noopener\" href=\"https:\/\/deconstructionhomme.com\/2018\/05\/24\/babylone-la-civilisation-du-nombre\/\" target=\"_blank\">Babylone, la civilisation du nombre<\/a>\u00ab\u00a0. Deconstructionhomme.com, 24 mai 2018.<\/li><li><a rel=\"noreferrer noopener\" href=\"https:\/\/lumieremonde.wordpress.com\/2020\/04\/08\/vaxxed-le-film-sur-les-vaccins-le-plus-censure-par-lindustrie-pharmaceutique-a-visionner-absolument\/\" target=\"_blank\">Vaxxed : le film sur les vaccins le plus censur\u00e9 par l&rsquo;industrie pharmaceutique, \u00e0 visionner absolument !<\/a><\/li><li>Jacques Duverger, \u00ab\u00a0<a rel=\"noreferrer noopener\" href=\"https:\/\/bibleetsciencediffusion.org\/index.php\/2020\/11\/13\/gavi-strategie-vaccinale-ou-strategie-politique\/\" target=\"_blank\">GAVI, strat\u00e9gie vaccinale ou strat\u00e9gie politique ?<\/a>\u00ab\u00a0<br>Jacques Duverger, \u00ab\u00a0<a rel=\"noreferrer noopener\" href=\"https:\/\/bibleetsciencediffusion.org\/index.php\/2020\/11\/13\/vaccinator-sortie-prochainement-en-france-par-jacques-duverger\/\" target=\"_blank\">Vaccinator, sortie prochainement en France<\/a>\u00ab\u00a0.<\/li><li>Jacques Duverger, \u00ab\u00a0<a rel=\"noreferrer noopener\" href=\"https:\/\/bibleetsciencediffusion.org\/index.php\/2020\/11\/13\/monsieur-vaccin-madame-contraception-et-le-pacte-des-gates-avec-le-deep-church\/\" target=\"_blank\">Monsieur Vaccin, Madame Contraception, et le Pacte de Gates avec la &lsquo;Deep Church&rsquo;<\/a>\u00ab\u00a0.<\/li><li>Jacques Duverger, \u00ab\u00a0<a rel=\"noreferrer noopener\" href=\"https:\/\/bibleetsciencediffusion.org\/index.php\/2020\/11\/13\/en-marche-vers-lhomme-immunologiquement-modifie\" target=\"_blank\">En Marche vers l&rsquo;homme immunologiquement modifi\u00e9<\/a>\u00ab\u00a0.<\/li><li><a rel=\"noreferrer noopener\" href=\"https:\/\/lumieremonde.wordpress.com\/2020\/12\/09\/mal-traites-covid-19-le-documentaire-choc\/\" target=\"_blank\">MAL TRAIT\u00c9S \u2013 Covid-19, le documentaire choc.<\/a><\/li><li><a rel=\"noreferrer noopener\" href=\"https:\/\/lumieremonde.wordpress.com\/2020\/05\/03\/le-veritable-programme-de-loms-un-nouvel-ordre-mondial-inspire-de-la-chine\/\" target=\"_blank\">Le v\u00e9ritable programme de l\u2019OMS : un nouvel ordre mondial inspir\u00e9 de la Chine.<\/a><\/li><li><a href=\"https:\/\/lumieremonde.wordpress.com\/2021\/03\/20\/des-dangers-dune-ideologie-sanitaire-par-ariane-bilheran\/\">Des dangers d\u2019une id\u00e9ologie sanitaire \u2013 par Ariane Bilheran<\/a>.<\/li><\/ul>\n","protected":false},"excerpt":{"rendered":"<p>Une tribune publi\u00e9e par le Dr Umlil du CTIAP de Cholet d\u00e9montre ce jour comment l\u2019Agence France Presse (AFP) et AFP Factuel publient des informations inexactes sur le vaccin. L\u2019article de v\u00e9rification de l\u2019AFP qui attaquait le CTIAP n\u00e9cessite rectification.<\/p>\n","protected":false},"author":7,"featured_media":0,"comment_status":"open","ping_status":"open","sticky":false,"template":"","format":"standard","meta":{"jetpack_post_was_ever_published":false,"_jetpack_newsletter_access":"","_jetpack_dont_email_post_to_subs":false,"_jetpack_newsletter_tier_id":0,"_jetpack_memberships_contains_paywalled_content":false,"_jetpack_memberships_contains_paid_content":false,"footnotes":""},"categories":[137,454,237,316,21,366],"tags":[370,466,367],"class_list":["post-9020","post","type-post","status-publish","format-standard","hentry","category-articles","category-pharmacologie","category-sante","category-scandales-et-fraudes-scientifiques","category-sciences-de-la-vie","category-vaccins","tag-effets-des-vaccins","tag-pharmacologie","tag-vaccins"],"jetpack_featured_media_url":"","jetpack_sharing_enabled":true,"jetpack_shortlink":"https:\/\/wp.me\/pbu0ZL-2lu","_links":{"self":[{"href":"https:\/\/bibleetsciencediffusion.org\/index.php\/wp-json\/wp\/v2\/posts\/9020","targetHints":{"allow":["GET"]}}],"collection":[{"href":"https:\/\/bibleetsciencediffusion.org\/index.php\/wp-json\/wp\/v2\/posts"}],"about":[{"href":"https:\/\/bibleetsciencediffusion.org\/index.php\/wp-json\/wp\/v2\/types\/post"}],"author":[{"embeddable":true,"href":"https:\/\/bibleetsciencediffusion.org\/index.php\/wp-json\/wp\/v2\/users\/7"}],"replies":[{"embeddable":true,"href":"https:\/\/bibleetsciencediffusion.org\/index.php\/wp-json\/wp\/v2\/comments?post=9020"}],"version-history":[{"count":12,"href":"https:\/\/bibleetsciencediffusion.org\/index.php\/wp-json\/wp\/v2\/posts\/9020\/revisions"}],"predecessor-version":[{"id":9217,"href":"https:\/\/bibleetsciencediffusion.org\/index.php\/wp-json\/wp\/v2\/posts\/9020\/revisions\/9217"}],"wp:attachment":[{"href":"https:\/\/bibleetsciencediffusion.org\/index.php\/wp-json\/wp\/v2\/media?parent=9020"}],"wp:term":[{"taxonomy":"category","embeddable":true,"href":"https:\/\/bibleetsciencediffusion.org\/index.php\/wp-json\/wp\/v2\/categories?post=9020"},{"taxonomy":"post_tag","embeddable":true,"href":"https:\/\/bibleetsciencediffusion.org\/index.php\/wp-json\/wp\/v2\/tags?post=9020"}],"curies":[{"name":"wp","href":"https:\/\/api.w.org\/{rel}","templated":true}]}}