{"id":9562,"date":"2023-07-09T09:55:10","date_gmt":"2023-07-09T07:55:10","guid":{"rendered":"https:\/\/bibleetsciencediffusion.org\/index.php\/2023\/02\/21\/videos-du-deuxieme-congres-national-bible-science\/"},"modified":"2023-07-18T16:06:08","modified_gmt":"2023-07-18T14:06:08","slug":"videos-du-deuxieme-congres-national-bible-science","status":"publish","type":"post","link":"https:\/\/bibleetsciencediffusion.org\/index.php\/2023\/07\/09\/videos-du-deuxieme-congres-national-bible-science\/","title":{"rendered":"Vid\u00e9os du deuxi\u00e8me congr\u00e8s national Bible &amp; Science"},"content":{"rendered":"\n<h4 class=\"wp-block-heading\"><em>B&amp;SD<\/em> : Nous relayons ci-dessous les vid\u00e9os du deuxi\u00e8me congr\u00e8s national Bible &amp; Science qui a eu lieu en octobre 2022 \u00e0 l&rsquo;\u00e9glise Porte Ouverte Chr\u00e9tienne de Mulhouse et qui a \u00e9t\u00e9 organis\u00e9 par le Comit\u00e9 francophone Bible &amp; Science (CFBS). <\/h4>\n\n\n\n<hr class=\"wp-block-separator has-alpha-channel-opacity\"\/>\n\n\n\n<p>Par le Comit\u00e9 francophone Bible &amp; Science (*) <\/p>\n\n\n\n<figure class=\"wp-block-image aligncenter\"><img loading=\"lazy\" decoding=\"async\" width=\"1024\" height=\"576\" src=\"https:\/\/bibleetsciencediffusion.org\/wp-content\/uploads\/2023\/02\/99a94d01414478131305a25703afd16feaa4493bf199935fb912e7ce93eaa5f0-1024x576.jpg\" alt=\"\" class=\"wp-image-9561\" srcset=\"https:\/\/bibleetsciencediffusion.org\/wp-content\/uploads\/2023\/02\/99a94d01414478131305a25703afd16feaa4493bf199935fb912e7ce93eaa5f0-1024x576.jpg 1024w, https:\/\/bibleetsciencediffusion.org\/wp-content\/uploads\/2023\/02\/99a94d01414478131305a25703afd16feaa4493bf199935fb912e7ce93eaa5f0-300x169.jpg 300w, https:\/\/bibleetsciencediffusion.org\/wp-content\/uploads\/2023\/02\/99a94d01414478131305a25703afd16feaa4493bf199935fb912e7ce93eaa5f0-768x432.jpg 768w, https:\/\/bibleetsciencediffusion.org\/wp-content\/uploads\/2023\/02\/99a94d01414478131305a25703afd16feaa4493bf199935fb912e7ce93eaa5f0-540x304.jpg 540w, https:\/\/bibleetsciencediffusion.org\/wp-content\/uploads\/2023\/02\/99a94d01414478131305a25703afd16feaa4493bf199935fb912e7ce93eaa5f0-1140x641.jpg 1140w, https:\/\/bibleetsciencediffusion.org\/wp-content\/uploads\/2023\/02\/99a94d01414478131305a25703afd16feaa4493bf199935fb912e7ce93eaa5f0-600x338.jpg 600w, https:\/\/bibleetsciencediffusion.org\/wp-content\/uploads\/2023\/02\/99a94d01414478131305a25703afd16feaa4493bf199935fb912e7ce93eaa5f0.jpg 1280w\" sizes=\"auto, (max-width: 1024px) 100vw, 1024px\" \/><\/figure>\n\n\n\n<h2 class=\"wp-block-heading\">Projet RATE &#8211; 1 &#8211; Le niveau d&rsquo;h\u00e9lium dans les zircons<\/h2>\n\n\n\n<figure class=\"wp-block-embed aligncenter is-type-video is-provider-youtube wp-block-embed-youtube wp-embed-aspect-16-9 wp-has-aspect-ratio\"><div class=\"wp-block-embed__wrapper\">\n<span class=\"embed-youtube\" style=\"text-align:center; display: block;\"><iframe loading=\"lazy\" class=\"youtube-player\" width=\"1140\" height=\"642\" src=\"https:\/\/www.youtube.com\/embed\/VfNX8vGRKFo?version=3&#038;rel=1&#038;showsearch=0&#038;showinfo=1&#038;iv_load_policy=1&#038;fs=1&#038;hl=fr-FR&#038;autohide=2&#038;wmode=transparent\" allowfullscreen=\"true\" style=\"border:0;\" sandbox=\"allow-scripts allow-same-origin allow-popups allow-presentation allow-popups-to-escape-sandbox\"><\/iframe><\/span>\n<\/div><figcaption class=\"wp-element-caption\">Source : <a rel=\"noreferrer noopener\" href=\"https:\/\/www.bible-et-science.fr\/?creation=age-de-la-terre-helium-zircon\" target=\"_blank\">https:\/\/www.bible-et-science.fr\/?creation=age-de-la-terre-helium-zircon<\/a><\/figcaption><\/figure>\n\n\n\n<p>Les zircons sont des cristaux utilis\u00e9s en g\u00e9ochronologie du fait de leur r\u00e9sistance aux alt\u00e9rations et aux contaminations de l&rsquo;environnement. Ils font partie des min\u00e9raux les plus vieux de la croute terrestre, avec un \u00e2ge estim\u00e9 pouvant atteindre plusieurs milliards d&rsquo;ann\u00e9es.<br \/>Pourtant les mesures du niveau d&rsquo;h\u00e9lium qu&rsquo;ils contiennent donnent un \u00e2ge tr\u00e8s diff\u00e9rent.<br \/>Cet expos\u00e9 du Dr J. Baumgardner, g\u00e9ophysicien, pr\u00e9sente ce premier volet du projet RATE consacr\u00e9 \u00e0 l&rsquo;\u00e9valuation de l&rsquo;\u00e2ge r\u00e9el de la terre.<\/p>\n\n\n\n<h2 class=\"wp-block-heading\">Projet RATE &#8211; 2 &#8211; Les radiohalos du polonium et l&rsquo;\u00e2ge de la Terre <\/h2>\n\n\n\n<figure class=\"wp-block-embed aligncenter is-type-video is-provider-youtube wp-block-embed-youtube wp-embed-aspect-16-9 wp-has-aspect-ratio\"><div class=\"wp-block-embed__wrapper\">\n<span class=\"embed-youtube\" style=\"text-align:center; display: block;\"><iframe loading=\"lazy\" class=\"youtube-player\" width=\"1140\" height=\"642\" src=\"https:\/\/www.youtube.com\/embed\/WBepz_MkMwA?version=3&#038;rel=1&#038;showsearch=0&#038;showinfo=1&#038;iv_load_policy=1&#038;fs=1&#038;hl=fr-FR&#038;autohide=2&#038;wmode=transparent\" allowfullscreen=\"true\" style=\"border:0;\" sandbox=\"allow-scripts allow-same-origin allow-popups allow-presentation allow-popups-to-escape-sandbox\"><\/iframe><\/span>\n<\/div><figcaption class=\"wp-element-caption\">Source : <a rel=\"noreferrer noopener\" href=\"https:\/\/www.bible-et-science.fr\/?creation=age-de-la-terre-radiohalos-polonium\" target=\"_blank\">https:\/\/www.bible-et-science.fr\/?creation=age-de-la-terre-radiohalos-polonium<\/a><\/figcaption><\/figure>\n\n\n\n<p>La formation de radiohalos du polonium dans les cristaux de zircon a conduit un groupe de chercheurs \u00e0 reconstituer les \u00e9tapes complexes et les conditions de formation de ces halos myst\u00e9rieux.<br \/>Ils en sont arriv\u00e9s \u00e0 la conclusion qu&rsquo;ils se sont forc\u00e9ment form\u00e9s r\u00e9cemment, et que l&rsquo;\u00e2ge de la terre doit \u00eatre r\u00e9vis\u00e9 en profondeur. Un expos\u00e9 du Dr J. Baumgardner, g\u00e9ophysicien, qui pr\u00e9sente le second volet du projet RATE consacr\u00e9 \u00e0 l&rsquo;\u00e9valuation de l&rsquo;\u00e2ge r\u00e9el de la terre.<\/p>\n\n\n\n<hr class=\"wp-block-separator has-alpha-channel-opacity\"\/>\n\n\n\n<h2 class=\"wp-block-heading\">Projet RATE &#8211; 3 &#8211; Carbone 14 et \u00e2ge de la Terre : du carbone 14 dans le diamant<\/h2>\n\n\n\n<p><br \/>Le diamant est un des corps les plus stables et les plus durs de la croute terrestre. Vu son \u00e2ge suppos\u00e9 il \u00e9tait impensable d&rsquo;y trouver la moindre trace de Carbone 14, \u00e9tant donn\u00e9 sa p\u00e9riode de demi-vie de seulement 5730 ann\u00e9es. Les mesures r\u00e9alis\u00e9es gr\u00e2ce \u00e0 la technologie AMS ont fait voler en \u00e9clat cette certitude et remis en question le grand \u00e2ge suppos\u00e9 de la croute terrestre.<br \/>C&rsquo;est le troisi\u00e8me volet du projet RATE, expos\u00e9 par le g\u00e9ophysicien John Baumgardner.<br \/>Il y ajoute quelques d\u00e9couvertes biologiques inattendues sur des restes de dinosaures suppos\u00e9s \u00e9teints depuis 60 millions d&rsquo;ann\u00e9es.<\/p>\n\n\n\n<figure class=\"wp-block-embed aligncenter is-type-video is-provider-youtube wp-block-embed-youtube wp-embed-aspect-16-9 wp-has-aspect-ratio\"><div class=\"wp-block-embed__wrapper\">\n<span class=\"embed-youtube\" style=\"text-align:center; display: block;\"><iframe loading=\"lazy\" class=\"youtube-player\" width=\"1140\" height=\"642\" src=\"https:\/\/www.youtube.com\/embed\/N_yz-_6iwFo?version=3&#038;rel=1&#038;showsearch=0&#038;showinfo=1&#038;iv_load_policy=1&#038;fs=1&#038;hl=fr-FR&#038;autohide=2&#038;wmode=transparent\" allowfullscreen=\"true\" style=\"border:0;\" sandbox=\"allow-scripts allow-same-origin allow-popups allow-presentation allow-popups-to-escape-sandbox\"><\/iframe><\/span>\n<\/div><figcaption class=\"wp-element-caption\">Source : <a rel=\"noreferrer noopener\" href=\"https:\/\/www.bible-et-science.fr\/?creation=age-de-la-terre-carbone-14-diamants-dinosaures\" target=\"_blank\">https:\/\/www.bible-et-science.fr\/?creation=age-de-la-terre-carbone-14-diamants-dinosaures<\/a><\/figcaption><\/figure>\n\n\n\n<h2 class=\"wp-block-heading\">Le d\u00e9luge a \u00e9t\u00e9 un cataclysme mondial. Analyse g\u00e9ologique <\/h2>\n\n\n\n<p>Cette analyse des traces du d\u00e9luge mondial est renversante ! Les fossiles, les strates, la topographie, la tectonique des plaques, la constitution interne du globe terrestre, les m\u00e9canismes physiques en action sont analys\u00e9s par un grand sp\u00e9cialiste, le g\u00e9ophysicien John Baumgardner.<br \/>Cette derni\u00e8re conf\u00e9rence du Congr\u00e8s national 2022 va radicalement changer votre point de vue de l&rsquo;histoire de la terre &#8211; et de l&rsquo;humanit\u00e9.<\/p>\n\n\n\n<figure class=\"wp-block-embed aligncenter is-type-video is-provider-youtube wp-block-embed-youtube wp-embed-aspect-16-9 wp-has-aspect-ratio\"><div class=\"wp-block-embed__wrapper\">\n<span class=\"embed-youtube\" style=\"text-align:center; display: block;\"><iframe loading=\"lazy\" class=\"youtube-player\" width=\"1140\" height=\"642\" src=\"https:\/\/www.youtube.com\/embed\/rFo66WP7r1U?version=3&#038;rel=1&#038;showsearch=0&#038;showinfo=1&#038;iv_load_policy=1&#038;fs=1&#038;hl=fr-FR&#038;autohide=2&#038;wmode=transparent\" allowfullscreen=\"true\" style=\"border:0;\" sandbox=\"allow-scripts allow-same-origin allow-popups allow-presentation allow-popups-to-escape-sandbox\"><\/iframe><\/span>\n<\/div><figcaption class=\"wp-element-caption\">Source : <a rel=\"noreferrer noopener\" href=\"https:\/\/www.bible-et-science.fr\/?creation=realite-geologique-deluge-mondial\" target=\"_blank\">https:\/\/www.bible-et-science.fr\/?creation=realite-geologique-deluge-mondial<\/a><\/figcaption><\/figure>\n\n\n\n<h2 class=\"wp-block-heading\">Les fossiles et le D\u00e9luge <\/h2>\n\n\n\n<p>Nous avons tous entendu parler des fossiles et nous pensons qu&rsquo;ils sont la preuve de l&rsquo;\u00e9volution darwinienne. En parall\u00e8le le r\u00e9cit biblique du d\u00e9luge mondial est consid\u00e9r\u00e9 comme un mythe n&rsquo;ayant aucune r\u00e9alit\u00e9 historique.<br \/>Le Dr Timothy Clarey, g\u00e9ologue, nous d\u00e9crit une r\u00e9alit\u00e9 tr\u00e8s diff\u00e9rente, parfaitement en accord avec les observations.<br \/>La formation des fossiles, difficilement explicable en condition normale &#8211; ainsi que leur disposition donnant le registre fossile &#8211; sont compl\u00e8tement et simplement expliqu\u00e9es par le d\u00e9luge mondial et nous donne des d\u00e9tails en accord total avec le r\u00e9cit biblique. Etonnant !<\/p>\n\n\n\n<figure class=\"wp-block-embed aligncenter is-type-video is-provider-youtube wp-block-embed-youtube wp-embed-aspect-16-9 wp-has-aspect-ratio\"><div class=\"wp-block-embed__wrapper\">\n<span class=\"embed-youtube\" style=\"text-align:center; display: block;\"><iframe loading=\"lazy\" class=\"youtube-player\" width=\"1140\" height=\"642\" src=\"https:\/\/www.youtube.com\/embed\/xJHA4mD83Q0?version=3&#038;rel=1&#038;showsearch=0&#038;showinfo=1&#038;iv_load_policy=1&#038;fs=1&#038;hl=fr-FR&#038;autohide=2&#038;wmode=transparent\" allowfullscreen=\"true\" style=\"border:0;\" sandbox=\"allow-scripts allow-same-origin allow-popups allow-presentation allow-popups-to-escape-sandbox\"><\/iframe><\/span>\n<\/div><figcaption class=\"wp-element-caption\">Source : <a rel=\"noreferrer noopener\" href=\"https:\/\/www.bible-et-science.fr\/?creation=fossiles-deluge\" target=\"_blank\">https:\/\/www.bible-et-science.fr\/?creation=fossiles-deluge<\/a><\/figcaption><\/figure>\n\n\n\n<h2 class=\"wp-block-heading\">Les observations du vivant sont-elles compatibles avec les millions d&rsquo;ann\u00e9es de l&rsquo;\u00e9volution ? <\/h2>\n\n\n\n<p>Le myst\u00e8re de l&rsquo;explosion cambrienne, la complexit\u00e9 d&rsquo;organismes fossilis\u00e9s consid\u00e9r\u00e9s comme tr\u00e8s vieux, ce qui se passe r\u00e9ellement dans les mutations du g\u00e9nome et bien d&rsquo;autres observations du monde vivant r\u00e9el sont en contradiction avec le concept d&rsquo;une \u00e9volution biologique qui s&rsquo;\u00e9tendrait sur des millions d&rsquo;ann\u00e9es.<br \/>Le g\u00e9n\u00e9ticien Andr\u00e9 Eggen revient sur ces faits exp\u00e9rimentaux, avec les articles scientifiques et les citations de sp\u00e9cialistes de premier plan.<\/p>\n\n\n\n<figure class=\"wp-block-embed is-type-video is-provider-youtube wp-block-embed-youtube aligncenter wp-embed-aspect-16-9 wp-has-aspect-ratio\"><div class=\"wp-block-embed__wrapper\">\n<span class=\"embed-youtube\" style=\"text-align:center; display: block;\"><iframe loading=\"lazy\" class=\"youtube-player\" width=\"1140\" height=\"642\" src=\"https:\/\/www.youtube.com\/embed\/p3d9a-n0xE8?version=3&#038;rel=1&#038;showsearch=0&#038;showinfo=1&#038;iv_load_policy=1&#038;fs=1&#038;hl=fr-FR&#038;autohide=2&#038;wmode=transparent\" allowfullscreen=\"true\" style=\"border:0;\" sandbox=\"allow-scripts allow-same-origin allow-popups allow-presentation allow-popups-to-escape-sandbox\"><\/iframe><\/span>\n<\/div><figcaption class=\"wp-element-caption\">Source : <a rel=\"noreferrer noopener\" href=\"https:\/\/www.bible-et-science.fr\/?creation=biologie-incompatible-avec-evolution-millions-annees\" target=\"_blank\">https:\/\/www.bible-et-science.fr\/?creation=biologie-incompatible-avec-evolution-millions-annees<\/a><\/figcaption><\/figure>\n\n\n\n<h2 class=\"wp-block-heading\">La complexit\u00e9 irr\u00e9ductible du vivant <\/h2>\n\n\n\n<p>Et si le monde du vivant nous envoyait des signes clairs de sa v\u00e9ritable origine ?!<br \/>Le g\u00e9n\u00e9ticien Andr\u00e9 Eggen nous pr\u00e9sente quelques-uns de ces signes fascinants, qui nous renvoient \u00e0 la totale impossibilit\u00e9 d&rsquo;un processus naturaliste. Certains ph\u00e9nom\u00e8nes demandent une organisation, une pr\u00e9cision et une complexit\u00e9 multi-factorielle qui ne peut pas venir du hasard, mais n\u00e9cessite obligatoirement l&rsquo;action d&rsquo;un Auteur intelligent, dot\u00e9 d&rsquo;une intelligence \u00e0 peine concevable.<\/p>\n\n\n\n<figure class=\"wp-block-embed aligncenter is-type-video is-provider-youtube wp-block-embed-youtube wp-embed-aspect-16-9 wp-has-aspect-ratio\"><div class=\"wp-block-embed__wrapper\">\n<span class=\"embed-youtube\" style=\"text-align:center; display: block;\"><iframe loading=\"lazy\" class=\"youtube-player\" width=\"1140\" height=\"642\" src=\"https:\/\/www.youtube.com\/embed\/GiF9mQcug_Q?version=3&#038;rel=1&#038;showsearch=0&#038;showinfo=1&#038;iv_load_policy=1&#038;fs=1&#038;hl=fr-FR&#038;autohide=2&#038;wmode=transparent\" allowfullscreen=\"true\" style=\"border:0;\" sandbox=\"allow-scripts allow-same-origin allow-popups allow-presentation allow-popups-to-escape-sandbox\"><\/iframe><\/span>\n<\/div><figcaption class=\"wp-element-caption\">Source : <a rel=\"noreferrer noopener\" href=\"https:\/\/www.bible-et-science.fr\/?creation=complexite-irreductible-contre-theorie-synthetique-evolution\" target=\"_blank\">https:\/\/www.bible-et-science.fr\/?creation=complexite-irreductible-contre-theorie-synthetique-evolution<\/a><\/figcaption><\/figure>\n\n\n\n<h2 class=\"wp-block-heading\">La science des origines prisonni\u00e8re des philosophes ?<\/h2>\n\n\n\n<p>L&rsquo;\u00e9volution des concepts philosophiques n&rsquo;est pas \u00e9trang\u00e8re \u00e0 l&rsquo;apparition progressive de la th\u00e9orie de l&rsquo;\u00e9volution des esp\u00e8ces. Peu de gens sont conscients du poids du contexte id\u00e9ologique et philosophique sur la recherche scientifique tr\u00e8s concr\u00e8te.<br \/>Le th\u00e9ologien Pierre Amey, fin observateur des cons\u00e9quences de ces \u00e9volutions philosophiques, nous d\u00e9voile les coulisses de la pens\u00e9e scientifique et les interpr\u00e9tations biais\u00e9es engendr\u00e9es au sein m\u00eame des \u00e9glises chr\u00e9tiennes.<\/p>\n\n\n\n<figure class=\"wp-block-embed aligncenter is-type-video is-provider-youtube wp-block-embed-youtube wp-embed-aspect-16-9 wp-has-aspect-ratio\"><div class=\"wp-block-embed__wrapper\">\n<span class=\"embed-youtube\" style=\"text-align:center; display: block;\"><iframe loading=\"lazy\" class=\"youtube-player\" width=\"1140\" height=\"642\" src=\"https:\/\/www.youtube.com\/embed\/QMlcrWb96bM?version=3&#038;rel=1&#038;showsearch=0&#038;showinfo=1&#038;iv_load_policy=1&#038;fs=1&#038;hl=fr-FR&#038;autohide=2&#038;wmode=transparent\" allowfullscreen=\"true\" style=\"border:0;\" sandbox=\"allow-scripts allow-same-origin allow-popups allow-presentation allow-popups-to-escape-sandbox\"><\/iframe><\/span>\n<\/div><figcaption class=\"wp-element-caption\">Source : <a rel=\"noreferrer noopener\" href=\"https:\/\/www.bible-et-science.fr\/?creation=science-origines-prisonniere-philosophie-paradigme\" target=\"_blank\">https:\/\/www.bible-et-science.fr\/?creation=science-origines-prisonniere-philosophie-paradigme<\/a><\/figcaption><\/figure>\n\n\n\n<h2 class=\"wp-block-heading\">Une contribution de l&rsquo;arch\u00e9ologie au r\u00e9cit biblique des origines<\/h2>\n\n\n\n<p>A l&rsquo;oppos\u00e9 des si\u00e8cles pass\u00e9s, nombre de croyants pensent aujourd&rsquo;hui que les r\u00e9cits de la Gen\u00e8se sont mythiques ou fortement enjoliv\u00e9s &#8211; ils seraient des reprises de mythes babyloniens, comme le d\u00e9luge.<br \/>Le r\u00e9alisateur Patrick Vauclair, enqu\u00eateur et apolog\u00e8te, nous pr\u00e9sente une s\u00e9rie de documents arch\u00e9ologiques et historiques qui contredisent ces affirmations p\u00e9remptoires, et d\u00e9montrent la r\u00e9alit\u00e9 historique du cataclysme mondial qui a submerg\u00e9 la terre \u00e0 l&rsquo;\u00e9poque d&rsquo;un certain No\u00e9.<\/p>\n\n\n\n<figure class=\"wp-block-embed aligncenter is-type-video is-provider-youtube wp-block-embed-youtube wp-embed-aspect-16-9 wp-has-aspect-ratio\"><div class=\"wp-block-embed__wrapper\">\n<span class=\"embed-youtube\" style=\"text-align:center; display: block;\"><iframe loading=\"lazy\" class=\"youtube-player\" width=\"1140\" height=\"642\" src=\"https:\/\/www.youtube.com\/embed\/G409dxm1spA?version=3&#038;rel=1&#038;showsearch=0&#038;showinfo=1&#038;iv_load_policy=1&#038;fs=1&#038;hl=fr-FR&#038;autohide=2&#038;wmode=transparent\" allowfullscreen=\"true\" style=\"border:0;\" sandbox=\"allow-scripts allow-same-origin allow-popups allow-presentation allow-popups-to-escape-sandbox\"><\/iframe><\/span>\n<\/div><figcaption class=\"wp-element-caption\">Source : <a rel=\"noreferrer noopener\" href=\"https:\/\/www.bible-et-science.fr\/?creation=archeologie-et-realite-historique-du-deluge-mondial\" target=\"_blank\">https:\/\/www.bible-et-science.fr\/?creation=archeologie-et-realite-historique-du-deluge-mondial<\/a><\/figcaption><\/figure>\n\n\n\n<h2 class=\"wp-block-heading\">A propos des conf\u00e9renciers<\/h2>\n\n\n\n<figure class=\"wp-block-image alignleft size-thumbnail is-style-default\"><img loading=\"lazy\" decoding=\"async\" width=\"150\" height=\"150\" src=\"https:\/\/bibleetsciencediffusion.org\/wp-content\/uploads\/2022\/10\/20221030_093208-150x150.jpg\" alt=\"\" class=\"wp-image-9484\" srcset=\"https:\/\/bibleetsciencediffusion.org\/wp-content\/uploads\/2022\/10\/20221030_093208-150x150.jpg 150w, https:\/\/bibleetsciencediffusion.org\/wp-content\/uploads\/2022\/10\/20221030_093208-300x300.jpg 300w, https:\/\/bibleetsciencediffusion.org\/wp-content\/uploads\/2022\/10\/20221030_093208-100x100.jpg 100w\" sizes=\"auto, (max-width: 150px) 100vw, 150px\" \/><figcaption class=\"wp-element-caption\">John Baumgardner <\/figcaption><\/figure>\n\n\n\n<p>Apr\u00e8s avoir obtenu son baccalaur\u00e9at, John Baumgardner a obtenu une licence en \u00e9lectronique \u00e0 Texas Tech, puis une ma\u00eetrise en \u00e9lectronique \u00e0 Princeton. Mais l\u2019\u00e9v\u00e9nement le plus marquant de sa vie a \u00e9t\u00e9 sa conversion au Christ lors d\u2019une \u00e9tude verset par verset de l\u2019\u00c9vangile de Jean dans une classe d\u2019\u00e9cole du dimanche \u00e0 l\u2019universit\u00e9 en 1970. Il compare cet \u00e9v\u00e9nement \u00e0 un rideau tir\u00e9 sur une dimension de la r\u00e9alit\u00e9 dont il ne soup\u00e7onnait m\u00eame pas l\u2019existence auparavant. Depuis, le Christ a fait de sa vie une exp\u00e9rience incroyablement passionnante et \u00e9panouissante, bien au-del\u00e0 de tout ce qu\u2019il aurait pu imaginer.<\/p>\n\n\n\n<p>Peu apr\u00e8s sa conversion, il a commenc\u00e9 un service actif de quatre ans dans l\u2019arm\u00e9e de l\u2019air am\u00e9ricaine, p\u00e9riode de croissance spirituelle profonde et passionnante. Un d\u00e9sir de minist\u00e8re chr\u00e9tien l\u2019a ensuite conduit \u00e0 rejoindre le minist\u00e8re de Campus Crusade for Christ sur le campus. Afflig\u00e9 par l\u2019utilisation d\u00e9lib\u00e9r\u00e9e de l\u2019\u00e9volution pour attaquer et d\u00e9truire la foi des \u00e9tudiants chr\u00e9tiens, John Baumgardner a commenc\u00e9 \u00e0 pr\u00e9senter des conf\u00e9rences en classe et des forums en soir\u00e9e pour exposer les affirmations frauduleuses de l\u2019\u00e9volution. En faisant des recherches sur les questions relatives au D\u00e9luge de la Gen\u00e8se et \u00e0 l\u2019histoire de la Terre en pr\u00e9paration de certains de ces \u00e9v\u00e9nements, il a r\u00e9alis\u00e9 que le D\u00e9luge de No\u00e9 impliquait logiquement une catastrophe tectonique \u00e0 l\u2019\u00e9chelle plan\u00e9taire. Cette prise de conscience l\u2019a incit\u00e9 \u00e0 quitter Campus Crusade en 1978 pour entamer un programme doctoral en g\u00e9ophysique \u00e0 l\u2019UCLA afin d\u2019obtenir la formation et les qualifications n\u00e9cessaires pour aborder le probl\u00e8me du m\u00e9canisme du D\u00e9luge de la Gen\u00e8se \u00e0 un niveau scientifique professionnel. Sa th\u00e8se de doctorat portait sur le d\u00e9veloppement d\u2019un mod\u00e8le d\u2019\u00e9l\u00e9ments finis sph\u00e9riques tridimensionnels pour le manteau terrestre, programme maintenant connu sous le nom de TERRA. John Baumgardner a effectu\u00e9 la plupart de ces travaux de th\u00e8se au Los Alamos National Laboratory. Il a obtenu son doctorat \u00e0 l\u2019UCLA en g\u00e9ophysique et en physique spatiale en 1983.<\/p>\n\n\n\n<p>Entre 1984 et 2004, il a \u00e9t\u00e9 membre du personnel scientifique de la division th\u00e9orique de Los Alamos o\u00f9, en plus d\u2019autres recherches sur la dynamique des fluides computationnelle, il a pu poursuivre ses recherches sur la dynamique du manteau plan\u00e9taire, notamment sur le potentiel de renversement catastrophique du manteau. Il a pr\u00e9sent\u00e9 les r\u00e9sultats de ses recherches sur la tectonique catastrophique des plaques comme m\u00e9canisme du D\u00e9luge de No\u00e9 \u00e0 sept conf\u00e9rences internationales sur la cr\u00e9ation tenues \u00e0 Pittsburgh \u00e0 partir de 1986.<\/p>\n\n\n\n<p>Entre 1997 et 2005, il a \u00e9t\u00e9 membre de l\u2019\u00e9quipe RATE (Radioisotopes and the Age of the Earth) qui a d\u00e9couvert des preuves radio-isotopiques solides que la Terre a des milliers, et non des milliards, d\u2019ann\u00e9es. L\u2019une de ces preuves est la r\u00e9tention dans les cristaux de zircon du granit de plus d\u2019un milliard d\u2019ann\u00e9es d\u2019h\u00e9lium radiog\u00e9nique, aux taux de d\u00e9sint\u00e9gration actuels. La diffusion limite la dur\u00e9e de vie de l\u2019h\u00e9lium dans ces cristaux de zircon \u00e0 quelques milliers d\u2019ann\u00e9es seulement. La d\u00e9couverte de carbone 14 dans le diamant naturel est une autre preuve de la jeunesse de la Terre.<\/p>\n\n\n\n<p>Entre 2005 et 2008, il a travaill\u00e9 \u00e0 plein temps comme scientifique \u00e0 l\u2019Institute for Creation Research \u00e0 Santee, en Californie. Une grande partie de son travail l\u00e0-bas a consist\u00e9, en tant que membre d\u2019une petite \u00e9quipe, \u00e0 d\u00e9velopper Mendel\u2019s Accountant, un programme de g\u00e9n\u00e9tique des populations de pointe permettant d\u2019\u00e9tudier les questions de mutations g\u00e9n\u00e9tiques et de s\u00e9lection naturelle dans les populations naturelles. Ce logiciel montre, sans aucune marge d\u2019incertitude, que la s\u00e9lection naturelle ne donne pas et ne peut pas donner les r\u00e9sultats miraculeux que les \u00e9volutionnistes lui attribuent couramment.<\/p>\n\n\n\n<p>Depuis 2008, il est chercheur associ\u00e9 principal chez&nbsp;<a rel=\"noreferrer noopener\" href=\"http:\/\/www.logosresearchassociates.org\/\" target=\"_blank\">Logos Research Associates<\/a>, o\u00f9 il continue \u00e0 faire des recherches sur des sujets li\u00e9s \u00e0 l\u2019histoire de la Terre et aux \u00c9critures. En outre, de 2014 \u00e0 2018, il a \u00e9t\u00e9 membre auxiliaire du corps professoral de la Facult\u00e9 de th\u00e9ologie Southern California Seminary situ\u00e9 \u00e0 El Cajon, en Californie, dans son Centre d\u2019\u00e9tudes sur la cr\u00e9ation. Il est actuellement enseignant-chercheur \u00e9m\u00e9rite \u00e0 l\u2019\u00e9cole d\u2019ing\u00e9nierie de l\u2019universit\u00e9 Liberty. Son \u00e9pouse Mary et lui r\u00e9sident pr\u00e8s de Lynchburg, en Virginie, aux \u00c9tats-Unis.<\/p>\n\n\n\n<p><strong>101 questions et r\u00e9ponses concernant la tectonique des plaques catastrophique<\/strong>&nbsp;: cet ensemble de questions et de r\u00e9ponses est le r\u00e9sultat d\u2019un processus de lecture par les pairs qui a d\u00e9but\u00e9 d\u00e9but 2009 et s\u2019est poursuivi durant l\u2019\u00e9t\u00e9 2011, initi\u00e9 et dirig\u00e9 par Joe Bardwell, pr\u00e9sident de l\u2019organisation In Jesus\u2019 Name productions. L\u2019analyse proprement dite portait sur six mod\u00e8les diluviaux diff\u00e9rents et comportait cinq s\u00e9ries de questions pos\u00e9es par un comit\u00e9 de lecture compos\u00e9 de dix membres, ainsi que les r\u00e9ponses des auteurs des mod\u00e8les respectifs. L\u2019objectif principal de l\u2019analyse \u00e9tait d\u2019\u00e9valuer les fondements techniques de chacun des mod\u00e8les. Il s\u2019agissait, de loin, de l\u2019\u00e9tude la plus approfondie sur la science qui sous-tend les diverses tentatives d\u2019explication des aspects physiques du D\u00e9luge de la Gen\u00e8se entreprise \u00e0 ce jour. Les questions et r\u00e9ponses relatives \u00e0 la partie de l\u2019analyse consacr\u00e9e \u00e0 la tectonique des plaques catastrophiques (TPC) sont incluses dans ce document.<\/p>\n\n\n\n<p><a href=\"https:\/\/bibleetsciencediffusion.org\/wp-content\/uploads\/2022\/12\/Baumgardner_101QA_CPT.pdf\">Questions et r\u00e9ponses sur le mod\u00e8le TPC (157 pages, 4,8 Mo)<\/a><a href=\"https:\/\/bibleetsciencediffusion.org\/wp-content\/uploads\/2022\/12\/Baumgardner_101QA_CPT.pdf\" class=\"wp-block-file__button wp-element-button\">T\u00e9l\u00e9charger<\/a><\/p>\n\n\n\n<figure class=\"wp-block-image alignleft size-thumbnail\"><a href=\"https:\/\/bibleetsciencediffusion.org\/wp-content\/uploads\/2020\/03\/Eggen-150x150.jpg\" target=\"_blank\" rel=\"noreferrer noopener\"><img loading=\"lazy\" decoding=\"async\" width=\"150\" height=\"150\" src=\"https:\/\/bibleetsciencediffusion.org\/wp-content\/uploads\/2020\/03\/Eggen-150x150.jpg\" alt=\"\" class=\"wp-image-7261\" srcset=\"https:\/\/bibleetsciencediffusion.org\/wp-content\/uploads\/2020\/03\/Eggen-150x150.jpg 150w, https:\/\/bibleetsciencediffusion.org\/wp-content\/uploads\/2020\/03\/Eggen-300x300.jpg 300w, https:\/\/bibleetsciencediffusion.org\/wp-content\/uploads\/2020\/03\/Eggen-100x100.jpg 100w, https:\/\/bibleetsciencediffusion.org\/wp-content\/uploads\/2020\/03\/Eggen.jpg 400w\" sizes=\"auto, (max-width: 150px) 100vw, 150px\" \/><\/a><figcaption class=\"wp-element-caption\">Andr\u00e9 Eggen<\/figcaption><\/figure>\n\n\n\n<p>Andr\u00e9 Eggen est ing\u00e9nieur agronome dipl\u00f4m\u00e9 de l\u2019Ecole Polytechnique F\u00e9d\u00e9rale de Zurich, docteur en sciences et ancien directeur de recherches sp\u00e9cialiste du g\u00e9nome dans un grand \u00e9tablissement de recherche fran\u00e7ais.<\/p>\n\n\n\n<figure class=\"wp-block-image alignleft size-thumbnail\"><a href=\"https:\/\/bibleetsciencediffusion.org\/wp-content\/uploads\/2023\/05\/IMA-CVH-pierre-amey2-150x150.jpg\" target=\"_blank\" rel=\"noreferrer noopener\"><img loading=\"lazy\" decoding=\"async\" width=\"150\" height=\"150\" src=\"https:\/\/bibleetsciencediffusion.org\/wp-content\/uploads\/2023\/05\/IMA-CVH-pierre-amey2-150x150.jpg\" alt=\"\" class=\"wp-image-9624\" srcset=\"https:\/\/bibleetsciencediffusion.org\/wp-content\/uploads\/2023\/05\/IMA-CVH-pierre-amey2-150x150.jpg 150w, https:\/\/bibleetsciencediffusion.org\/wp-content\/uploads\/2023\/05\/IMA-CVH-pierre-amey2-100x100.jpg 100w\" sizes=\"auto, (max-width: 150px) 100vw, 150px\" \/><\/a><figcaption class=\"wp-element-caption\">Pierre Amey<\/figcaption><\/figure>\n\n\n\n<p>Apr\u00e8s une formation d&rsquo;ing\u00e9nieur en m\u00e9canique et un passage dans l&rsquo;industrie, Pierre Amey a entrepris des \u00e9tudes de th\u00e9ologie \u00e0 l&rsquo;Institut Biblique Emma\u00fcs, puis \u00e0 la Facult\u00e9 de Th\u00e9ologie de Neuch\u00e2tel. Il a \u00e9t\u00e9 de 1980 \u00e0 2004 pasteur de l&rsquo;Eglise R\u00e9form\u00e9e Evang\u00e9lique Neuch\u00e2teloise \u00e0 St-Blaise-Hauterive.<\/p>\n\n\n\n<p>C&rsquo;est aussi en 2004 qu&rsquo;il fonde et dirige depuis lors la mission <a href=\"http:\/\/www.seniors-en-mission.net\" target=\"_blank\" rel=\"noreferrer noopener\">Seniors en Mission<\/a> au service des plus d\u00e9munis.\u00a0<\/p>\n\n\n\n<p>Depuis 2004 il travaille \u00e0 l&rsquo;Universit\u00e9 des Nations de Jeunesse en Mission.<\/p>\n\n\n\n<p>Sa formation d&rsquo;ing\u00e9nieur, alli\u00e9e \u00e0 celle de th\u00e9ologien, permet \u00e0 Pierre Amey d&rsquo;appr\u00e9hender les probl\u00e8mes scientifiques, li\u00e9s \u00e0 la compr\u00e9hension de la Parole de Dieu, avec une approche plus \u00ab\u00a0technique\u00a0\u00bb que celle que l&rsquo;on rencontre habituellement. <\/p>\n\n\n\n<p>Pierre Amey s&rsquo;est tr\u00e8s largement investi dans l&rsquo;\u00e9tude des th\u00e8mes suivants : l&rsquo;\u00e9volutionnisme\/le cr\u00e9ationnisme, les croyances populaires, le New-Age, les ph\u00e9nom\u00e8nes paranormaux, les m\u00e9decines parall\u00e8les, l&rsquo;\u00e9tude de l&rsquo;Apocalyptique, etc.<\/p>\n\n\n\n<p>Si ses conf\u00e9rences int\u00e9ressent des scientifiques aguerris, elles sont aussi claires et d\u00e9velopp\u00e9es de mani\u00e8re \u00e0 faciliter la compr\u00e9hension de questions difficiles, m\u00eame pour des non sp\u00e9cialistes.<\/p>\n\n\n\n<figure class=\"wp-block-image alignleft size-thumbnail\"><a href=\"https:\/\/bibleetsciencediffusion.org\/wp-content\/uploads\/2023\/05\/Tim-Clarey-150x150.jpg\" target=\"_blank\" rel=\"noreferrer noopener\"><img loading=\"lazy\" decoding=\"async\" width=\"150\" height=\"150\" src=\"https:\/\/bibleetsciencediffusion.org\/wp-content\/uploads\/2023\/05\/Tim-Clarey-150x150.jpg\" alt=\"\" class=\"wp-image-9626\" srcset=\"https:\/\/bibleetsciencediffusion.org\/wp-content\/uploads\/2023\/05\/Tim-Clarey-150x150.jpg 150w, https:\/\/bibleetsciencediffusion.org\/wp-content\/uploads\/2023\/05\/Tim-Clarey-100x100.jpg 100w\" sizes=\"auto, (max-width: 150px) 100vw, 150px\" \/><\/a><figcaption class=\"wp-element-caption\">Timothy Clarey<\/figcaption><\/figure>\n\n\n\n<p>Timothy Clarey a obtenu un Master en g\u00e9ologie en 1984 \u00e0 l&rsquo;universit\u00e9 du Wyoming et un Master en hydrog\u00e9ologie en 1993 \u00e0 l&rsquo;universit\u00e9 Western Michigan. Il a obtenu son doctorat en g\u00e9ologie en 1996 \u00e0 la m\u00eame universit\u00e9. De 1984 \u00e0 1992, M. Clarey a travaill\u00e9 comme g\u00e9ologue d&rsquo;exploration chez Chevron USA, Inc. en d\u00e9veloppant des perspectives de forage p\u00e9trolier et en analysant les actifs et les achats de baux. Il a \u00e9t\u00e9 professeur titulaire et titulaire de la chaire de g\u00e9osciences au Delta College dans le Michigan pendant 17 ans avant de quitter son poste en 2013 pour rejoindre l&rsquo;\u00e9quipe scientifique de l&rsquo;Institute for Creation Research (ICR), apr\u00e8s avoir men\u00e9 des recherches avec l&rsquo;ICR dans le cadre de son programme FAST. Il a publi\u00e9 de nombreux articles sur divers aspects des Montagnes Rocheuses et a \u00e9crit deux livres de laboratoire de niveau universitaire. Il est l&rsquo;auteur de <em>Dinosaurs: Marvels of God&rsquo;s Design<\/em> et <em>Carved<\/em> <em>in Stone: Geological Evidence of the Worldwide Flood<\/em>, coauteur de <em>Parks Across America: Viewing God&rsquo;s Wonders Through a Creationist Lens<\/em> et <em>Human Origins<\/em>, et a contribu\u00e9 au <em>Guide to Dinosaurs<\/em> et \u00e0 <em>Creation Basics &amp; Beyond<\/em>. Avec son \u00e9pouse, Rene\u00e9, il est coauteur des livres pour enfants <em>Big Plans for Henry<\/em> et <em>Henry Explores the<\/em> <em>New World<\/em>.<\/p>\n\n\n\n<figure class=\"wp-block-image alignleft size-thumbnail\"><a href=\"https:\/\/bibleetsciencediffusion.org\/wp-content\/uploads\/2023\/05\/pv-20200411.jpg__400x400_q85_crop_subsampling-2_upscale.jpg\" target=\"_blank\" rel=\"noreferrer noopener\"><img loading=\"lazy\" decoding=\"async\" width=\"150\" height=\"150\" src=\"https:\/\/bibleetsciencediffusion.org\/wp-content\/uploads\/2023\/05\/pv-20200411.jpg__400x400_q85_crop_subsampling-2_upscale-150x150.jpg\" alt=\"\" class=\"wp-image-9627\" srcset=\"https:\/\/bibleetsciencediffusion.org\/wp-content\/uploads\/2023\/05\/pv-20200411.jpg__400x400_q85_crop_subsampling-2_upscale-150x150.jpg 150w, https:\/\/bibleetsciencediffusion.org\/wp-content\/uploads\/2023\/05\/pv-20200411.jpg__400x400_q85_crop_subsampling-2_upscale-300x300.jpg 300w, https:\/\/bibleetsciencediffusion.org\/wp-content\/uploads\/2023\/05\/pv-20200411.jpg__400x400_q85_crop_subsampling-2_upscale-100x100.jpg 100w, https:\/\/bibleetsciencediffusion.org\/wp-content\/uploads\/2023\/05\/pv-20200411.jpg__400x400_q85_crop_subsampling-2_upscale.jpg 400w\" sizes=\"auto, (max-width: 150px) 100vw, 150px\" \/><\/a><figcaption class=\"wp-element-caption\">Patrick Vauclair <\/figcaption><\/figure>\n\n\n\n<p>Patrick Vauclair a d\u00e9couvert le message de la Bible \u00e0 l&rsquo;adolescence. Sa vie en a \u00e9t\u00e9 totalement et d\u00e9finitivement \u00ab\u00a0impressionn\u00e9e\u00a0\u00bb (comme une pellicule photo), et son parcours personnel atypique n&rsquo;est finalement que le reflet de cette rencontre.<br><br>Apr\u00e8s les classes pr\u00e9patoires (Maths sup.\/sp\u00e9), bien qu&rsquo;admis en Ecole Nationale Sup\u00e9rieure d&rsquo;Ing\u00e9nieurs, il renonce \u00e0 cette voie toute trac\u00e9e et d\u00e9cide de devenir enseignant. Il souhaite simplement avoir un maximum de temps \u00e0 consacrer \u00e0 ce qu&rsquo;il consid\u00e8re comme son appel, faire d\u00e9couvrir le message de l&rsquo;Evangile \u00e0 ceux qui l&rsquo;entourent.<br>Apr\u00e8s la Fac, puis pendant six ann\u00e9es, dont deux pass\u00e9es en Afrique de l&rsquo;Ouest comme coop\u00e9rant, il enseigne les math\u00e9matiques, tout en participant aux activit\u00e9s de diverses communaut\u00e9s chr\u00e9tiennes.<\/p>\n\n\n\n<p>Alors qu&rsquo;il a une trentaine d&rsquo;ann\u00e9es, il ressent qu&rsquo;il doit prendre une nouvelle bifurcation, laisse tomber les math\u00e9matiques et entreprend de devenir pasteur. Formation, apprentissage puis prise en charge d&rsquo;une communaut\u00e9 \u00e9vang\u00e9lique. Il se consacre \u00e0 expliquer la Bible, non seulement aux croyants, mais aussi \u00e0 tous ceux qui veulent bien s&rsquo;arr\u00eater et \u00e9couter. C&rsquo;est l&rsquo;\u00e9poque des actions publiques, dans la rue, sur les places, par des conf\u00e9rences, des projections de films, des \u00e9v\u00e9nements, des concerts, des rallyes de jeunesse&#8230; Il donne de la voix, il interpelle.<\/p>\n\n\n\n<p>Une dizaine d&rsquo;ann\u00e9es plus tard, toujours anim\u00e9 du m\u00eame d\u00e9sir, il commence \u00e0 s&rsquo;int\u00e9resser s\u00e9rieusement aux m\u00e9dias, et comprend vite que c&rsquo;est pour lui un passage oblig\u00e9. Les m\u00e9dias sont un porte-voix.<br \/>Il d\u00e9missionne donc de son poste de pasteur, cr\u00e9e avec quelques amis une association, fait ses premiers pas dans le maniement des cam\u00e9ras et du \u00ab\u00a0banc de montage\u00a0\u00bb et d\u00e9bute le long apprentissage qui va le conduire \u00e0 cr\u00e9er sa propre soci\u00e9t\u00e9 de production. Tout en donnant la priorit\u00e9 aux productions chr\u00e9tiennes, il cherche \u00e0 \u00ab\u00a0apprendre le m\u00e9tier s\u00e9rieusement\u00a0\u00bb en r\u00e9alisant des films commerciaux, industriels, didactiques, des couvertures de grands \u00e9v\u00e9nements, sportifs, scientifiques ou artistiques pour des commanditaires tr\u00e8s vari\u00e9s, allant des cha\u00eenes de t\u00e9l\u00e9vision aux petites associations, en passant par des groupes industriels ou des organismes institutionnels.<\/p>\n\n\n\n<p>Trente ans plus tard, il compte \u00e0 son actif des centaines d&rsquo;\u00e9missions de t\u00e9l\u00e9vision, principalement ax\u00e9es sur tout ce qui touche \u00e0 la foi. Les premi\u00e8res centaines d&rsquo;\u00e9missions, enregistr\u00e9es \u00e0 Hambourg, ont \u00e9t\u00e9 diffus\u00e9es sur des cha\u00eenes r\u00e9gionales et commerciales, en Allemagne, puis sur de grands r\u00e9seaux en Russie (l&rsquo;URSS \u00e9tait en plein bouleversement), Ukraine, Ouzb\u00e9kistan. Puis dans les ann\u00e9es 90 ce sont des \u00e9missions francophones sur des stations priv\u00e9es, des cha\u00eenes r\u00e9gionales un peu partout en francophonie (Europe, Afrique, Oc\u00e9anie, Antilles) puis par satellite et enfin sur Internet.<\/p>\n\n\n\n<p>Connu comme le producteur de Ze Mag, l&rsquo;\u00e9mission de t\u00e9l\u00e9vision o\u00f9 \u00ab\u00a0les invit\u00e9s peuvent parler ouvertement de leur foi en Dieu\u00a0\u00bb (250 \u00e9missions et 500 invit\u00e9s), il r\u00e9alise \u00e9galement quelques documentaires, des enqu\u00eates, des reportages, en France et \u00e0 l&rsquo;\u00e9tranger, d&rsquo;autres s\u00e9ries d&rsquo;\u00e9missions et de vid\u00e9os (\u00ab\u00a07 \u00e0 Vivre\u00a0\u00bb, \u00ab\u00a0Bible en main\u00a0\u00bb, \u00ab\u00a0Tom et Carotte\u00a0\u00bb, \u00ab\u00a0C ma vie\u00a0\u00bb, etc.)<\/p>\n\n\n\n<p>Aujourd&rsquo;hui retrait\u00e9 actif, il partage son temps entre l&rsquo;\u00e9tude de la Bible, qui le fascine toujours et qu&rsquo;il continue de d\u00e9couvrir 50 ans plus tard, quelques disciplines connexes (histoire, arch\u00e9ologie, h\u00e9breu et autres), la production de nouvelles s\u00e9ries, sa famille (!), et quelques autres projets, d\u00e9j\u00e0 en route ou en pr\u00e9paration. <\/p>\n\n\n\n<hr class=\"wp-block-separator has-alpha-channel-opacity\"\/>\n\n\n\n<h2 class=\"wp-block-heading\">Note<\/h2>\n\n\n\n<p>* A titre de clarification, le CFBS est distinct de B&amp;SD dont il \u00e9mane, et r\u00e9alise un travail ind\u00e9pendant de B&amp;SD. Les divergences th\u00e9ologiques entre les deux entit\u00e9s \u00e9taient assez importantes pour justifier la cr\u00e9ation d&rsquo;un organe s\u00e9par\u00e9 enti\u00e8rement d\u00e9di\u00e9 aux aspects essentiellement scientifiques de l&rsquo;apolog\u00e9tique cr\u00e9ationnelle, ce qui recouvre principalement les questions en rapport avec l&rsquo;origine de la vie.<\/p>\n\n\n\n<p>B&amp;SD maintient, pour sa part, que la compr\u00e9hension de la doctrine de la cr\u00e9ation va bien au-del\u00e0 de la seule question de l&rsquo;origine du cosmos et de la vie. Elle doit englober tous les aspects de la pens\u00e9e et de la vie, et ne doit rien exclure de son champ d&rsquo;\u00e9tude, car <em>toute pens\u00e9e doit \u00eatre amen\u00e9e captive \u00e0 l&rsquo;ob\u00e9issance de Christ<\/em>, et pas seulement quand il s&rsquo;agit de l&rsquo;\u00e9volution ou de l&rsquo;\u00e2ge de la Terre. Le philosophe des sciences agnostique autrefois chr\u00e9tien Michael Ruse, bien familiaris\u00e9 avec le sujet de l&rsquo;\u00e9volution a affirm\u00e9 que l&rsquo;\u00e9volution n&rsquo;est pas seulement une th\u00e9orie scientifique, mais une vision du monde et un syst\u00e8me de pens\u00e9e complets. Cette affirmation ne signifie rien de moins que la pens\u00e9e \u00e9volutionniste cherche \u00e0 \u00e9vincer Dieu le Cr\u00e9ateur de toute la r\u00e9alit\u00e9 cr\u00e9\u00e9e pour le remplacer par un ersatz s\u00e9culier o\u00f9 la raison autonome est absolutis\u00e9e et d\u00e9ifi\u00e9e et o\u00f9 les attributs divins sont assign\u00e9s \u00e0 la mati\u00e8re. Notre position th\u00e9ologique assume le contrepoids d&rsquo;une telle d\u00e9raison et \u00e9tablit un rapport direct entre <em>cr\u00e9ation et loi<\/em>, rapport que des th\u00e9ologiens chr\u00e9tiens r\u00e9form\u00e9s tels Jean-Marc Berthoud, Pierre Courthial, Hendrik Stoker, Hermann Dooyeweerd et Dirk Vollenhoven ont remis en valeur et explor\u00e9 en d\u00e9tail. <em>Cet ensemble \u00ab\u00a0Cr\u00e9ation &#8211; th\u00e9onomie\u00a0\u00bb est le point d&rsquo;ancrage d&rsquo;une apolog\u00e9tique r\u00e9ellement scripturaire<\/em>. Nous nions que le travail de r\u00e9formation soit complet sans un tel r\u00e9ajustement fondamental et qu&rsquo;il puisse m\u00eame \u00eatre profitable \u00e0 l&rsquo;\u00c9glise tr\u00e8s largement embourb\u00e9e dans le pi\u00e9tisme, le s\u00e9cularisme, le rationalisme et l&rsquo;humanisme. Phillip Kayser nous donne dans ce <a href=\"https:\/\/bibleetsciencediffusion.org\/index.php\/2023\/03\/04\/sola-scriptura-vivre-selon-chaque-parole\/\" target=\"_blank\" rel=\"noreferrer noopener\">sermon<\/a> de saisir la f\u00e9condit\u00e9 d&rsquo;une telle approche.<\/p>\n\n\n\n<p>Hormis ces divergences importantes, nous collaborons volontiers avec le CFBS, saluons son travail d&rsquo;apolog\u00e9tique scientifique et avons le plaisir de relayer les vid\u00e9os du deuxi\u00e8me congr\u00e8s national.<\/p>\n","protected":false},"excerpt":{"rendered":"<p>Nous relayons ci-dessous les vid\u00e9os du deuxi\u00e8me congr\u00e8s national Bible &#038; Science qui a eu lieu en octobre 2022 \u00e0 l&rsquo;\u00e9glise Porte Ouverte Chr\u00e9tienne de Mulhouse et qui a \u00e9t\u00e9 organis\u00e9 par le Comit\u00e9 francophone Bible &#038; Science (CFBS).<\/p>\n","protected":false},"author":7,"featured_media":9670,"comment_status":"open","ping_status":"open","sticky":true,"template":"","format":"standard","meta":{"jetpack_post_was_ever_published":false,"_jetpack_newsletter_access":"","_jetpack_dont_email_post_to_subs":false,"_jetpack_newsletter_tier_id":0,"_jetpack_memberships_contains_paywalled_content":false,"_jetpack_memberships_contains_paid_content":false,"footnotes":""},"categories":[304,301,226,20,227],"tags":[34,531,529,246,507,532,530],"class_list":["post-9562","post","type-post","status-publish","format-standard","has-post-thumbnail","hentry","category-catastrophisme","category-deluge-mondial","category-ressources","category-sciences-terre","category-videos","tag-age-de-la-terre","tag-andre-eggen","tag-congres-national-bible-science","tag-datations-radiometriques","tag-john-baumgardner","tag-patrick-vauclair","tag-pierre-amey"],"jetpack_featured_media_url":"https:\/\/bibleetsciencediffusion.org\/wp-content\/uploads\/2023\/07\/IC-Congres2022.original_Q3ewJLM.jpg","jetpack_sharing_enabled":true,"jetpack_shortlink":"https:\/\/wp.me\/pbu0ZL-2ue","_links":{"self":[{"href":"https:\/\/bibleetsciencediffusion.org\/index.php\/wp-json\/wp\/v2\/posts\/9562","targetHints":{"allow":["GET"]}}],"collection":[{"href":"https:\/\/bibleetsciencediffusion.org\/index.php\/wp-json\/wp\/v2\/posts"}],"about":[{"href":"https:\/\/bibleetsciencediffusion.org\/index.php\/wp-json\/wp\/v2\/types\/post"}],"author":[{"embeddable":true,"href":"https:\/\/bibleetsciencediffusion.org\/index.php\/wp-json\/wp\/v2\/users\/7"}],"replies":[{"embeddable":true,"href":"https:\/\/bibleetsciencediffusion.org\/index.php\/wp-json\/wp\/v2\/comments?post=9562"}],"version-history":[{"count":12,"href":"https:\/\/bibleetsciencediffusion.org\/index.php\/wp-json\/wp\/v2\/posts\/9562\/revisions"}],"predecessor-version":[{"id":9672,"href":"https:\/\/bibleetsciencediffusion.org\/index.php\/wp-json\/wp\/v2\/posts\/9562\/revisions\/9672"}],"wp:featuredmedia":[{"embeddable":true,"href":"https:\/\/bibleetsciencediffusion.org\/index.php\/wp-json\/wp\/v2\/media\/9670"}],"wp:attachment":[{"href":"https:\/\/bibleetsciencediffusion.org\/index.php\/wp-json\/wp\/v2\/media?parent=9562"}],"wp:term":[{"taxonomy":"category","embeddable":true,"href":"https:\/\/bibleetsciencediffusion.org\/index.php\/wp-json\/wp\/v2\/categories?post=9562"},{"taxonomy":"post_tag","embeddable":true,"href":"https:\/\/bibleetsciencediffusion.org\/index.php\/wp-json\/wp\/v2\/tags?post=9562"}],"curies":[{"name":"wp","href":"https:\/\/api.w.org\/{rel}","templated":true}]}}